{"id":1378,"date":"2019-09-03T22:15:09","date_gmt":"2019-09-03T20:15:09","guid":{"rendered":"https:\/\/bzpg.e-bielsko.net\/?p=1378"},"modified":"2019-12-10T09:42:36","modified_gmt":"2019-12-10T08:42:36","slug":"beskidzki-zwiazek-powiatowo-gminny-beneficjentem-funduszu-rozwoju-przewozow-autobusowych","status":"publish","type":"post","link":"https:\/\/www.bzpg.pl\/index.php\/beskidzki-zwiazek-powiatowo-gminny-beneficjentem-funduszu-rozwoju-przewozow-autobusowych\/","title":{"rendered":"Beskidzki Zwi\u0105zek Powiatowo-Gminny beneficjentem Funduszu Rozwoju Przewoz\u00f3w Autobusowych"},"content":{"rendered":"<p><strong>Beskidzki Zwi\u0105zek Powiatowo-Gminny beneficjentem Funduszu Rozwoju Przewoz\u00f3w Autobusowych.<\/strong><\/p>\n<p>Beskidzki Zwi\u0105zek Powiatowo-Gminny beneficjentem Funduszu Rozwoju Przewoz\u00f3w Autobusowych.<\/p>\n<p>W dniu 2 wrze\u015bnia br. w siedzibie Beskidzkiego Zwi\u0105zku Powiatowo-Gminnego\u00a0<strong>Jaros\u0142aw Wieczorek<\/strong>\u00a0&#8211; Wojewoda \u015al\u0105ski\u00a0i sekretarz stanu w Ministerstwie Rodzin, Pracy i Polityki Spo\u0142ecznej\u00a0<strong>Stanis\u0142aw Szwed<\/strong>\u00a0przekazali na r\u0119ce Przewodnicz\u0105cego Zarz\u0105du Beskidzkiego Zwi\u0105zku Powiatowo-Gminnego\u00a0<strong>Rados\u0142awa G. Osta\u0142kiewicza<\/strong>\u00a0umow\u0119 na dofinansowanie z Funduszu rozwoju przewoz\u00f3w autobusowych.<\/p>\n<p>Umow\u0105 opiewa na kwot\u0119 591.102,00 z\u0142 i jest to maksymalna dop\u0142ata jak\u0105 Beskidzki Zwi\u0105zek Powiatowo-Gminny mo\u017ce otrzyma\u0107 w okresie od wrze\u015bnia do grudnia 2019 r. Dofinansowanie dotyczy 15 linii autobusowych o \u0142\u0105cznej d\u0142ugo\u015bci ok. 500 km. Siatka po\u0142\u0105cze\u0144 zosta\u0142a zaplanowana w taki spos\u00f3b, aby z utworzonych po\u0142\u0105cze\u0144 mogli skorzysta\u0107 wszyscy mieszka\u0144cy powiatu bielskiego.<\/p>\n<p>W uroczystym przekazaniu umowy opr\u00f3cz wojewody udzia\u0142 wzi\u0119li w\u00f3jtowie i burmistrzowie gmin tworz\u0105cych zwi\u0105zek, tj. burmistrz Wilamowic\u00a0<strong>Marian Trela<\/strong>, w\u00f3jt Por\u0105bki\u00a0<strong>Pawe\u0142 Zemanek<\/strong>, w\u00f3jt Buczkowic\u00a0<strong>J\u00f3zef Caputa<\/strong>, a tak\u017ce wicestarosta bielski\u00a0<strong>Grzegorz Szety\u0144ski<\/strong>\u00a0i cz\u0142onkini zarz\u0105du powiatu\u00a0<strong>Barbara Adamska<\/strong>. Swoj\u0105 umow\u0119 na ten sam cel odebra\u0142 starosta cieszy\u0144ski\u00a0<strong>Mieczys\u0142aw Szczurek<\/strong>. W\u015br\u00f3d go\u015bci dzisiejszego zdarzenia obecni byli tak\u017ce senator RP\u00a0<strong>Andrzej Kami\u0144ski<\/strong>\u00a0i I wicewojewoda \u015bl\u0105ski\u00a0<strong>Jan Chrz\u0105szcz<\/strong>\u00a0oraz radny RM Bielska-Bia\u0142ej\u00a0<strong>Maks Pryga<\/strong>.<\/p>\n<p>Przypominamy r\u00f3wnie\u017c, \u017ce celem Funduszu rozwoju przewoz\u00f3w autobusowych o charakterze u\u017cyteczno\u015bci publicznej jest dofinansowywanie przywracanych lokalnych po\u0142\u0105cze\u0144 autobusowych. Dotyczy linii komunikacyjnych niefunkcjonuj\u0105cych od co najmniej trzech miesi\u0119cy przed wej\u015bciem w \u017cycie ustawy i na kt\u00f3re umowa o \u015bwiadczenie us\u0142ug dotycz\u0105cych publicznego transportu zbiorowego zostanie zawarta po jej wej\u015bciu w \u017cycie.<br \/>\nFundusz Rozwoju Przewoz\u00f3w Autobusowych o charakterze u\u017cyteczno\u015bci publicznej jest pa\u0144stwowym funduszem celowym, kt\u00f3rego dysponentem jest minister do spraw transportu. Obs\u0142ug\u0119 Funduszu na zasadach okre\u015blonych w umowie z jego dysponentem b\u0119dzie prowadzi\u0142 Bank Gospodarstwa Krajowego. Ustawa o Funduszu rozwoju przewoz\u00f3w autobusowych o charakterze u\u017cyteczno\u015bci publicznej wesz\u0142a w \u017cycie 18 lipca tego roku.<\/p>\n","protected":false},"excerpt":{"rendered":"<p>Beskidzki Zwi\u0105zek Powiatowo-Gminny beneficjentem Funduszu Rozwoju Przewoz\u00f3w Autobusowych. Beskidzki Zwi\u0105zek Powiatowo-Gminny beneficjentem Funduszu Rozwoju Przewoz\u00f3w Autobusowych. W dniu 2 wrze\u015bnia br. w siedzibie Beskidzkiego Zwi\u0105zku Powiatowo-Gminnego\u00a0Jaros\u0142aw Wieczorek\u00a0&#8211; Wojewoda \u015al\u0105ski\u00a0i sekretarz stanu w Ministerstwie Rodzin, Pracy i Polityki Spo\u0142ecznej\u00a0Stanis\u0142aw Szwed\u00a0przekazali na r\u0119ce Przewodnicz\u0105cego Zarz\u0105du Beskidzkiego Zwi\u0105zku Powiatowo-Gminnego\u00a0Rados\u0142awa G. Osta\u0142kiewicza\u00a0umow\u0119 na dofinansowanie z Funduszu rozwoju przewoz\u00f3w autobusowych.&hellip; <br \/> <a class=\"read-more\" href=\"https:\/\/www.bzpg.pl\/index.php\/beskidzki-zwiazek-powiatowo-gminny-beneficjentem-funduszu-rozwoju-przewozow-autobusowych\/\">Read more<\/a><\/p>\n","protected":false},"author":1,"featured_media":1686,"comment_status":"open","ping_status":"open","sticky":false,"template":"","format":"standard","meta":{"footnotes":""},"categories":[1],"tags":[],"class_list":["post-1378","post","type-post","status-publish","format-standard","has-post-thumbnail","hentry","category-aktualnosci"],"_links":{"self":[{"href":"https:\/\/www.bzpg.pl\/index.php\/wp-json\/wp\/v2\/posts\/1378","targetHints":{"allow":["GET"]}}],"collection":[{"href":"https:\/\/www.bzpg.pl\/index.php\/wp-json\/wp\/v2\/posts"}],"about":[{"href":"https:\/\/www.bzpg.pl\/index.php\/wp-json\/wp\/v2\/types\/post"}],"author":[{"embeddable":true,"href":"https:\/\/www.bzpg.pl\/index.php\/wp-json\/wp\/v2\/users\/1"}],"replies":[{"embeddable":true,"href":"https:\/\/www.bzpg.pl\/index.php\/wp-json\/wp\/v2\/comments?post=1378"}],"version-history":[{"count":3,"href":"https:\/\/www.bzpg.pl\/index.php\/wp-json\/wp\/v2\/posts\/1378\/revisions"}],"predecessor-version":[{"id":1508,"href":"https:\/\/www.bzpg.pl\/index.php\/wp-json\/wp\/v2\/posts\/1378\/revisions\/1508"}],"wp:featuredmedia":[{"embeddable":true,"href":"https:\/\/www.bzpg.pl\/index.php\/wp-json\/wp\/v2\/media\/1686"}],"wp:attachment":[{"href":"https:\/\/www.bzpg.pl\/index.php\/wp-json\/wp\/v2\/media?parent=1378"}],"wp:term":[{"taxonomy":"category","embeddable":true,"href":"https:\/\/www.bzpg.pl\/index.php\/wp-json\/wp\/v2\/categories?post=1378"},{"taxonomy":"post_tag","embeddable":true,"href":"https:\/\/www.bzpg.pl\/index.php\/wp-json\/wp\/v2\/tags?post=1378"}],"curies":[{"name":"wp","href":"https:\/\/api.w.org\/{rel}","templated":true}]}}