{"id":1382,"date":"2019-08-30T22:16:02","date_gmt":"2019-08-30T20:16:02","guid":{"rendered":"https:\/\/bzpg.e-bielsko.net\/?p=1382"},"modified":"2019-12-10T09:40:48","modified_gmt":"2019-12-10T08:40:48","slug":"nowa-linia-do-chybia","status":"publish","type":"post","link":"https:\/\/www.bzpg.pl\/index.php\/nowa-linia-do-chybia\/","title":{"rendered":"Nowa linia do Chybia"},"content":{"rendered":"<p><strong>Nowa linia do Chybia<\/strong><\/p>\n<p>Dzi\u0119ki porozumieniu zawartemu przez Gmin\u0119 Chybie z Beskidzkim Zwi\u0105zkiem Powiatowo-Gminnym\u00a0od dnia 1 wrze\u015bnia br. uruchomiona zostanie nowa linia Bielsko-Bia\u0142a &#8211; Chybie<\/p>\n<p>Wprowadzane zostaj\u0105 nast\u0119puj\u0105ce kursy do\/z\u00a0<strong><a href=\"https:\/\/www.facebook.com\/pages\/Gmina-Chybie\/1555088498040868?__tn__=K-R&amp;eid=ARCsTlV5XmaI0Bv3XjJq27qaPyz9dah8os3Z8PzO06qUQIJ7lKeKp--8AoDZgT5f7UoJOPogqWSOmn3A&amp;fref=mentions&amp;__xts__%5B0%5D=68.ARA34gKtg3zTIZ7ms9-YiU3pl-9n-TA_76a1PEufN3k9TD2j2LeJoxPXjsAoAnYbj1sS6rPmU8GCssg0uCwyshUNb9xfxJE7Yr3IuDZA6qvLMoDmLrHXg-uVagKQgBeSK-qT-yGK6lvI3An9o024UIb2N4BU1hkgjYUfDfKKF9lmekrnJsmF7kpENaGEyML-3JMSeqrkTdWioC2zbg3CRJLk4M5k4cuUCX-OM3081GrQ3Xwi2ZKxfJ00Sdiux9b_PdJNqDrA3z2Dw4TanquCf3e-9W0l606T6Gonz-mf790ahWZMVPT57Vp-GruY4PhXTIUf_rcN9zqAk7ocHbhlMdARJ4o_\" data-hovercard=\"\/ajax\/hovercard\/page.php?id=1555088498040868&amp;extragetparams=%7B%22__tn__%22%3A%22%2CdK-R-R%22%2C%22eid%22%3A%22ARCsTlV5XmaI0Bv3XjJq27qaPyz9dah8os3Z8PzO06qUQIJ7lKeKp--8AoDZgT5f7UoJOPogqWSOmn3A%22%2C%22fref%22%3A%22mentions%22%7D\" data-hovercard-prefer-more-content-show=\"1\">Gmina Chybie<\/a><\/strong>:<\/p>\n<p>godz.\u00a0<strong>4:28<\/strong>\u00a0Chybie &#8211; Bielsko-Bia\u0142a (odjazd z I\u0142ownicy o godz. 4:42);<br \/>\ngodz.\u00a0<strong>11:20<\/strong>\u00a0Bielsko-Bia\u0142a &#8211; Chybie (zamiast kursu o godz.11:50);<br \/>\ngodz.\u00a0<strong>12:33<\/strong>\u00a0Chybie &#8211; Bielsko-Bia\u0142a (odjazd z I\u0142ownicy o godz. 12:47);<br \/>\ngodz.\u00a0<strong>19:20<\/strong>\u00a0Bielsko-Bia\u0142a &#8211; Chybie;<br \/>\ngodz.\u00a0<strong>20:35<\/strong>\u00a0Chybie &#8211; Bielsko-Bia\u0142a (odjazd z I\u0142ownicy o godz. 20:48);<br \/>\ngodz.<strong>\u00a022:30<\/strong>\u00a0Bielsko-Bia\u0142a &#8211; Chybie.<\/p>\n","protected":false},"excerpt":{"rendered":"<p>Nowa linia do Chybia Dzi\u0119ki porozumieniu zawartemu przez Gmin\u0119 Chybie z Beskidzkim Zwi\u0105zkiem Powiatowo-Gminnym\u00a0od dnia 1 wrze\u015bnia br. uruchomiona zostanie nowa linia Bielsko-Bia\u0142a &#8211; Chybie Wprowadzane zostaj\u0105 nast\u0119puj\u0105ce kursy do\/z\u00a0Gmina Chybie: godz.\u00a04:28\u00a0Chybie &#8211; Bielsko-Bia\u0142a (odjazd z I\u0142ownicy o godz. 4:42); godz.\u00a011:20\u00a0Bielsko-Bia\u0142a &#8211; Chybie (zamiast kursu o godz.11:50); godz.\u00a012:33\u00a0Chybie &#8211; Bielsko-Bia\u0142a (odjazd z I\u0142ownicy o godz.&hellip; <br \/> <a class=\"read-more\" href=\"https:\/\/www.bzpg.pl\/index.php\/nowa-linia-do-chybia\/\">Read more<\/a><\/p>\n","protected":false},"author":1,"featured_media":1685,"comment_status":"open","ping_status":"open","sticky":false,"template":"","format":"standard","meta":{"footnotes":""},"categories":[1],"tags":[],"class_list":["post-1382","post","type-post","status-publish","format-standard","has-post-thumbnail","hentry","category-aktualnosci"],"yoast_head":"<!-- This site is optimized with the Yoast SEO plugin v28.1 - https:\/\/yoast.com\/product\/yoast-seo-wordpress\/ -->\n<title>Nowa linia do Chybia - Beskidzki Zwi\u0105zek Powiatowo Gminny<\/title>\n<meta name=\"robots\" content=\"index, follow, max-snippet:-1, max-image-preview:large, max-video-preview:-1\" \/>\n<link rel=\"canonical\" href=\"https:\/\/www.bzpg.pl\/index.php\/nowa-linia-do-chybia\/\" \/>\n<meta property=\"og:locale\" content=\"pl_PL\" \/>\n<meta property=\"og:type\" content=\"article\" \/>\n<meta property=\"og:title\" content=\"Nowa linia do Chybia - Beskidzki Zwi\u0105zek Powiatowo Gminny\" \/>\n<meta property=\"og:description\" content=\"Nowa linia do Chybia Dzi\u0119ki porozumieniu zawartemu przez Gmin\u0119 Chybie z Beskidzkim Zwi\u0105zkiem Powiatowo-Gminnym\u00a0od dnia 1 wrze\u015bnia br. uruchomiona zostanie nowa linia Bielsko-Bia\u0142a &#8211; Chybie Wprowadzane zostaj\u0105 nast\u0119puj\u0105ce kursy do\/z\u00a0Gmina Chybie: godz.\u00a04:28\u00a0Chybie &#8211; Bielsko-Bia\u0142a (odjazd z I\u0142ownicy o godz. 4:42); godz.\u00a011:20\u00a0Bielsko-Bia\u0142a &#8211; Chybie (zamiast kursu o godz.11:50); godz.\u00a012:33\u00a0Chybie &#8211; Bielsko-Bia\u0142a (odjazd z I\u0142ownicy o godz.&hellip; Read more\" \/>\n<meta property=\"og:url\" content=\"https:\/\/www.bzpg.pl\/index.php\/nowa-linia-do-chybia\/\" \/>\n<meta property=\"og:site_name\" content=\"Beskidzki Zwi\u0105zek Powiatowo Gminny\" \/>\n<meta property=\"article:published_time\" content=\"2019-08-30T20:16:02+00:00\" \/>\n<meta property=\"article:modified_time\" content=\"2019-12-10T08:40:48+00:00\" \/>\n<meta property=\"og:image\" content=\"https:\/\/www.bzpg.pl\/wp-content\/uploads\/2019\/09\/logo_info1-e1640587890105.png\" \/>\n\t<meta property=\"og:image:width\" content=\"400\" \/>\n\t<meta property=\"og:image:height\" content=\"256\" \/>\n\t<meta property=\"og:image:type\" content=\"image\/png\" \/>\n<meta name=\"author\" content=\"msiedlaczek\" \/>\n<meta name=\"twitter:card\" content=\"summary_large_image\" \/>\n<meta name=\"twitter:label1\" content=\"Napisane przez\" \/>\n\t<meta name=\"twitter:data1\" content=\"msiedlaczek\" \/>\n<script type=\"application\/ld+json\" class=\"yoast-schema-graph\">{\"@context\":\"https:\\\/\\\/schema.org\",\"@graph\":[{\"@type\":\"Article\",\"@id\":\"https:\\\/\\\/www.bzpg.pl\\\/index.php\\\/nowa-linia-do-chybia\\\/#article\",\"isPartOf\":{\"@id\":\"https:\\\/\\\/www.bzpg.pl\\\/index.php\\\/nowa-linia-do-chybia\\\/\"},\"author\":{\"name\":\"msiedlaczek\",\"@id\":\"https:\\\/\\\/www.bzpg.pl\\\/#\\\/schema\\\/person\\\/a0e55ba0bc35f84bb2be31f39ba67ce9\"},\"headline\":\"Nowa linia do Chybia\",\"datePublished\":\"2019-08-30T20:16:02+00:00\",\"dateModified\":\"2019-12-10T08:40:48+00:00\",\"mainEntityOfPage\":{\"@id\":\"https:\\\/\\\/www.bzpg.pl\\\/index.php\\\/nowa-linia-do-chybia\\\/\"},\"wordCount\":95,\"commentCount\":0,\"publisher\":{\"@id\":\"https:\\\/\\\/www.bzpg.pl\\\/#organization\"},\"image\":{\"@id\":\"https:\\\/\\\/www.bzpg.pl\\\/index.php\\\/nowa-linia-do-chybia\\\/#primaryimage\"},\"thumbnailUrl\":\"https:\\\/\\\/www.bzpg.pl\\\/wp-content\\\/uploads\\\/2019\\\/09\\\/logo_info1-e1640587890105.png\",\"articleSection\":[\"Aktualno\u015bci\"],\"inLanguage\":\"pl-PL\",\"potentialAction\":[{\"@type\":\"CommentAction\",\"name\":\"Comment\",\"target\":[\"https:\\\/\\\/www.bzpg.pl\\\/index.php\\\/nowa-linia-do-chybia\\\/#respond\"]}]},{\"@type\":\"WebPage\",\"@id\":\"https:\\\/\\\/www.bzpg.pl\\\/index.php\\\/nowa-linia-do-chybia\\\/\",\"url\":\"https:\\\/\\\/www.bzpg.pl\\\/index.php\\\/nowa-linia-do-chybia\\\/\",\"name\":\"Nowa linia do Chybia - Beskidzki Zwi\u0105zek Powiatowo Gminny\",\"isPartOf\":{\"@id\":\"https:\\\/\\\/www.bzpg.pl\\\/#website\"},\"primaryImageOfPage\":{\"@id\":\"https:\\\/\\\/www.bzpg.pl\\\/index.php\\\/nowa-linia-do-chybia\\\/#primaryimage\"},\"image\":{\"@id\":\"https:\\\/\\\/www.bzpg.pl\\\/index.php\\\/nowa-linia-do-chybia\\\/#primaryimage\"},\"thumbnailUrl\":\"https:\\\/\\\/www.bzpg.pl\\\/wp-content\\\/uploads\\\/2019\\\/09\\\/logo_info1-e1640587890105.png\",\"datePublished\":\"2019-08-30T20:16:02+00:00\",\"dateModified\":\"2019-12-10T08:40:48+00:00\",\"breadcrumb\":{\"@id\":\"https:\\\/\\\/www.bzpg.pl\\\/index.php\\\/nowa-linia-do-chybia\\\/#breadcrumb\"},\"inLanguage\":\"pl-PL\",\"potentialAction\":[{\"@type\":\"ReadAction\",\"target\":[\"https:\\\/\\\/www.bzpg.pl\\\/index.php\\\/nowa-linia-do-chybia\\\/\"]}]},{\"@type\":\"ImageObject\",\"inLanguage\":\"pl-PL\",\"@id\":\"https:\\\/\\\/www.bzpg.pl\\\/index.php\\\/nowa-linia-do-chybia\\\/#primaryimage\",\"url\":\"https:\\\/\\\/www.bzpg.pl\\\/wp-content\\\/uploads\\\/2019\\\/09\\\/logo_info1-e1640587890105.png\",\"contentUrl\":\"https:\\\/\\\/www.bzpg.pl\\\/wp-content\\\/uploads\\\/2019\\\/09\\\/logo_info1-e1640587890105.png\",\"width\":400,\"height\":256},{\"@type\":\"BreadcrumbList\",\"@id\":\"https:\\\/\\\/www.bzpg.pl\\\/index.php\\\/nowa-linia-do-chybia\\\/#breadcrumb\",\"itemListElement\":[{\"@type\":\"ListItem\",\"position\":1,\"name\":\"Home\",\"item\":\"https:\\\/\\\/www.bzpg.pl\\\/\"},{\"@type\":\"ListItem\",\"position\":2,\"name\":\"Nowa linia do Chybia\"}]},{\"@type\":\"WebSite\",\"@id\":\"https:\\\/\\\/www.bzpg.pl\\\/#website\",\"url\":\"https:\\\/\\\/www.bzpg.pl\\\/\",\"name\":\"Beskidzki Zwi\u0105zek Powiatowo Gminny\",\"description\":\"\",\"publisher\":{\"@id\":\"https:\\\/\\\/www.bzpg.pl\\\/#organization\"},\"potentialAction\":[{\"@type\":\"SearchAction\",\"target\":{\"@type\":\"EntryPoint\",\"urlTemplate\":\"https:\\\/\\\/www.bzpg.pl\\\/?s={search_term_string}\"},\"query-input\":{\"@type\":\"PropertyValueSpecification\",\"valueRequired\":true,\"valueName\":\"search_term_string\"}}],\"inLanguage\":\"pl-PL\"},{\"@type\":\"Organization\",\"@id\":\"https:\\\/\\\/www.bzpg.pl\\\/#organization\",\"name\":\"Beskidzki Zwi\u0105zek Powiatowo Gminny\",\"url\":\"https:\\\/\\\/www.bzpg.pl\\\/\",\"logo\":{\"@type\":\"ImageObject\",\"inLanguage\":\"pl-PL\",\"@id\":\"https:\\\/\\\/www.bzpg.pl\\\/#\\\/schema\\\/logo\\\/image\\\/\",\"url\":\"https:\\\/\\\/www.bzpg.pl\\\/wp-content\\\/uploads\\\/2021\\\/01\\\/cropped-bzpg_logo1.png\",\"contentUrl\":\"https:\\\/\\\/www.bzpg.pl\\\/wp-content\\\/uploads\\\/2021\\\/01\\\/cropped-bzpg_logo1.png\",\"width\":1733,\"height\":432,\"caption\":\"Beskidzki Zwi\u0105zek Powiatowo Gminny\"},\"image\":{\"@id\":\"https:\\\/\\\/www.bzpg.pl\\\/#\\\/schema\\\/logo\\\/image\\\/\"}},{\"@type\":\"Person\",\"@id\":\"https:\\\/\\\/www.bzpg.pl\\\/#\\\/schema\\\/person\\\/a0e55ba0bc35f84bb2be31f39ba67ce9\",\"name\":\"msiedlaczek\",\"image\":{\"@type\":\"ImageObject\",\"inLanguage\":\"pl-PL\",\"@id\":\"https:\\\/\\\/secure.gravatar.com\\\/avatar\\\/d90e361e411b5d35126b7301a2f57b8da8ff2836d6ede4228090713b04410f48?s=96&d=mm&r=g\",\"url\":\"https:\\\/\\\/secure.gravatar.com\\\/avatar\\\/d90e361e411b5d35126b7301a2f57b8da8ff2836d6ede4228090713b04410f48?s=96&d=mm&r=g\",\"contentUrl\":\"https:\\\/\\\/secure.gravatar.com\\\/avatar\\\/d90e361e411b5d35126b7301a2f57b8da8ff2836d6ede4228090713b04410f48?s=96&d=mm&r=g\",\"caption\":\"msiedlaczek\"},\"url\":\"https:\\\/\\\/www.bzpg.pl\\\/index.php\\\/author\\\/msiedlaczek\\\/\"}]}<\/script>\n<!-- \/ Yoast SEO plugin. -->","yoast_head_json":{"title":"Nowa linia do Chybia - Beskidzki Zwi\u0105zek Powiatowo Gminny","robots":{"index":"index","follow":"follow","max-snippet":"max-snippet:-1","max-image-preview":"max-image-preview:large","max-video-preview":"max-video-preview:-1"},"canonical":"https:\/\/www.bzpg.pl\/index.php\/nowa-linia-do-chybia\/","og_locale":"pl_PL","og_type":"article","og_title":"Nowa linia do Chybia - Beskidzki Zwi\u0105zek Powiatowo Gminny","og_description":"Nowa linia do Chybia Dzi\u0119ki porozumieniu zawartemu przez Gmin\u0119 Chybie z Beskidzkim Zwi\u0105zkiem Powiatowo-Gminnym\u00a0od dnia 1 wrze\u015bnia br. uruchomiona zostanie nowa linia Bielsko-Bia\u0142a &#8211; Chybie Wprowadzane zostaj\u0105 nast\u0119puj\u0105ce kursy do\/z\u00a0Gmina Chybie: godz.\u00a04:28\u00a0Chybie &#8211; Bielsko-Bia\u0142a (odjazd z I\u0142ownicy o godz. 4:42); godz.\u00a011:20\u00a0Bielsko-Bia\u0142a &#8211; Chybie (zamiast kursu o godz.11:50); godz.\u00a012:33\u00a0Chybie &#8211; Bielsko-Bia\u0142a (odjazd z I\u0142ownicy o godz.&hellip; Read more","og_url":"https:\/\/www.bzpg.pl\/index.php\/nowa-linia-do-chybia\/","og_site_name":"Beskidzki Zwi\u0105zek Powiatowo Gminny","article_published_time":"2019-08-30T20:16:02+00:00","article_modified_time":"2019-12-10T08:40:48+00:00","og_image":[{"width":400,"height":256,"url":"https:\/\/www.bzpg.pl\/wp-content\/uploads\/2019\/09\/logo_info1-e1640587890105.png","type":"image\/png"}],"author":"msiedlaczek","twitter_card":"summary_large_image","twitter_misc":{"Napisane przez":"msiedlaczek"},"schema":{"@context":"https:\/\/schema.org","@graph":[{"@type":"Article","@id":"https:\/\/www.bzpg.pl\/index.php\/nowa-linia-do-chybia\/#article","isPartOf":{"@id":"https:\/\/www.bzpg.pl\/index.php\/nowa-linia-do-chybia\/"},"author":{"name":"msiedlaczek","@id":"https:\/\/www.bzpg.pl\/#\/schema\/person\/a0e55ba0bc35f84bb2be31f39ba67ce9"},"headline":"Nowa linia do Chybia","datePublished":"2019-08-30T20:16:02+00:00","dateModified":"2019-12-10T08:40:48+00:00","mainEntityOfPage":{"@id":"https:\/\/www.bzpg.pl\/index.php\/nowa-linia-do-chybia\/"},"wordCount":95,"commentCount":0,"publisher":{"@id":"https:\/\/www.bzpg.pl\/#organization"},"image":{"@id":"https:\/\/www.bzpg.pl\/index.php\/nowa-linia-do-chybia\/#primaryimage"},"thumbnailUrl":"https:\/\/www.bzpg.pl\/wp-content\/uploads\/2019\/09\/logo_info1-e1640587890105.png","articleSection":["Aktualno\u015bci"],"inLanguage":"pl-PL","potentialAction":[{"@type":"CommentAction","name":"Comment","target":["https:\/\/www.bzpg.pl\/index.php\/nowa-linia-do-chybia\/#respond"]}]},{"@type":"WebPage","@id":"https:\/\/www.bzpg.pl\/index.php\/nowa-linia-do-chybia\/","url":"https:\/\/www.bzpg.pl\/index.php\/nowa-linia-do-chybia\/","name":"Nowa linia do Chybia - Beskidzki Zwi\u0105zek Powiatowo Gminny","isPartOf":{"@id":"https:\/\/www.bzpg.pl\/#website"},"primaryImageOfPage":{"@id":"https:\/\/www.bzpg.pl\/index.php\/nowa-linia-do-chybia\/#primaryimage"},"image":{"@id":"https:\/\/www.bzpg.pl\/index.php\/nowa-linia-do-chybia\/#primaryimage"},"thumbnailUrl":"https:\/\/www.bzpg.pl\/wp-content\/uploads\/2019\/09\/logo_info1-e1640587890105.png","datePublished":"2019-08-30T20:16:02+00:00","dateModified":"2019-12-10T08:40:48+00:00","breadcrumb":{"@id":"https:\/\/www.bzpg.pl\/index.php\/nowa-linia-do-chybia\/#breadcrumb"},"inLanguage":"pl-PL","potentialAction":[{"@type":"ReadAction","target":["https:\/\/www.bzpg.pl\/index.php\/nowa-linia-do-chybia\/"]}]},{"@type":"ImageObject","inLanguage":"pl-PL","@id":"https:\/\/www.bzpg.pl\/index.php\/nowa-linia-do-chybia\/#primaryimage","url":"https:\/\/www.bzpg.pl\/wp-content\/uploads\/2019\/09\/logo_info1-e1640587890105.png","contentUrl":"https:\/\/www.bzpg.pl\/wp-content\/uploads\/2019\/09\/logo_info1-e1640587890105.png","width":400,"height":256},{"@type":"BreadcrumbList","@id":"https:\/\/www.bzpg.pl\/index.php\/nowa-linia-do-chybia\/#breadcrumb","itemListElement":[{"@type":"ListItem","position":1,"name":"Home","item":"https:\/\/www.bzpg.pl\/"},{"@type":"ListItem","position":2,"name":"Nowa linia do Chybia"}]},{"@type":"WebSite","@id":"https:\/\/www.bzpg.pl\/#website","url":"https:\/\/www.bzpg.pl\/","name":"Beskidzki Zwi\u0105zek Powiatowo Gminny","description":"","publisher":{"@id":"https:\/\/www.bzpg.pl\/#organization"},"potentialAction":[{"@type":"SearchAction","target":{"@type":"EntryPoint","urlTemplate":"https:\/\/www.bzpg.pl\/?s={search_term_string}"},"query-input":{"@type":"PropertyValueSpecification","valueRequired":true,"valueName":"search_term_string"}}],"inLanguage":"pl-PL"},{"@type":"Organization","@id":"https:\/\/www.bzpg.pl\/#organization","name":"Beskidzki Zwi\u0105zek Powiatowo Gminny","url":"https:\/\/www.bzpg.pl\/","logo":{"@type":"ImageObject","inLanguage":"pl-PL","@id":"https:\/\/www.bzpg.pl\/#\/schema\/logo\/image\/","url":"https:\/\/www.bzpg.pl\/wp-content\/uploads\/2021\/01\/cropped-bzpg_logo1.png","contentUrl":"https:\/\/www.bzpg.pl\/wp-content\/uploads\/2021\/01\/cropped-bzpg_logo1.png","width":1733,"height":432,"caption":"Beskidzki Zwi\u0105zek Powiatowo Gminny"},"image":{"@id":"https:\/\/www.bzpg.pl\/#\/schema\/logo\/image\/"}},{"@type":"Person","@id":"https:\/\/www.bzpg.pl\/#\/schema\/person\/a0e55ba0bc35f84bb2be31f39ba67ce9","name":"msiedlaczek","image":{"@type":"ImageObject","inLanguage":"pl-PL","@id":"https:\/\/secure.gravatar.com\/avatar\/d90e361e411b5d35126b7301a2f57b8da8ff2836d6ede4228090713b04410f48?s=96&d=mm&r=g","url":"https:\/\/secure.gravatar.com\/avatar\/d90e361e411b5d35126b7301a2f57b8da8ff2836d6ede4228090713b04410f48?s=96&d=mm&r=g","contentUrl":"https:\/\/secure.gravatar.com\/avatar\/d90e361e411b5d35126b7301a2f57b8da8ff2836d6ede4228090713b04410f48?s=96&d=mm&r=g","caption":"msiedlaczek"},"url":"https:\/\/www.bzpg.pl\/index.php\/author\/msiedlaczek\/"}]}},"_links":{"self":[{"href":"https:\/\/www.bzpg.pl\/index.php\/wp-json\/wp\/v2\/posts\/1382","targetHints":{"allow":["GET"]}}],"collection":[{"href":"https:\/\/www.bzpg.pl\/index.php\/wp-json\/wp\/v2\/posts"}],"about":[{"href":"https:\/\/www.bzpg.pl\/index.php\/wp-json\/wp\/v2\/types\/post"}],"author":[{"embeddable":true,"href":"https:\/\/www.bzpg.pl\/index.php\/wp-json\/wp\/v2\/users\/1"}],"replies":[{"embeddable":true,"href":"https:\/\/www.bzpg.pl\/index.php\/wp-json\/wp\/v2\/comments?post=1382"}],"version-history":[{"count":3,"href":"https:\/\/www.bzpg.pl\/index.php\/wp-json\/wp\/v2\/posts\/1382\/revisions"}],"predecessor-version":[{"id":1509,"href":"https:\/\/www.bzpg.pl\/index.php\/wp-json\/wp\/v2\/posts\/1382\/revisions\/1509"}],"wp:featuredmedia":[{"embeddable":true,"href":"https:\/\/www.bzpg.pl\/index.php\/wp-json\/wp\/v2\/media\/1685"}],"wp:attachment":[{"href":"https:\/\/www.bzpg.pl\/index.php\/wp-json\/wp\/v2\/media?parent=1382"}],"wp:term":[{"taxonomy":"category","embeddable":true,"href":"https:\/\/www.bzpg.pl\/index.php\/wp-json\/wp\/v2\/categories?post=1382"},{"taxonomy":"post_tag","embeddable":true,"href":"https:\/\/www.bzpg.pl\/index.php\/wp-json\/wp\/v2\/tags?post=1382"}],"curies":[{"name":"wp","href":"https:\/\/api.w.org\/{rel}","templated":true}]}}