{"id":1728,"date":"2019-12-18T09:54:17","date_gmt":"2019-12-18T08:54:17","guid":{"rendered":"https:\/\/www.komunikacjabeskidzka.pl\/?p=1728"},"modified":"2019-12-18T09:54:32","modified_gmt":"2019-12-18T08:54:32","slug":"aktualizacja-planu-transportowego","status":"publish","type":"post","link":"https:\/\/www.bzpg.pl\/index.php\/aktualizacja-planu-transportowego\/","title":{"rendered":"Aktualizacja Planu transportowego"},"content":{"rendered":"<p align=\"center\"><strong>OG\u0141OSZENIE<\/strong><\/p>\n<p align=\"center\"><strong>o opracowanym projekcie aktualizacji Planu Zr\u00f3wnowa\u017conego Rozwoju Publicznego Transportu Zbiorowego dla Beskidzkiego Zwi\u0105zku Powiatowo-Gminnego<\/strong><\/p>\n<p>&nbsp;<\/p>\n<p>Na podstawie art. 10 ust. 1 ustawy z dnia 16 grudnia 2010 r. o publicznym transporcie zbiorowym (t.j. Dz. U. 2018 r., poz. 2016 z p\u00f3\u017an. zm.)\u00a0<strong>zawiadamiam o opracowaniu projektu aktualizacji Planu Zr\u00f3wnowa\u017conego Rozwoju Publicznego Transportu Zbiorowego dla Beskidzkiego Zwi\u0105zku Powiatowo-Gminnego<\/strong>, z kt\u00f3rym zapozna\u0107 si\u0119 mo\u017cna\u00a0<strong>w dniach od 19 grudnia 2019 r. do 9 stycznia 2020 r.<\/strong>\u00a0w siedzibie Beskidzkiego Zwi\u0105zku Powiatowo-Gminnego przy ul. Legion\u00f3w 54 w Bielsku-Bia\u0142ej, od poniedzia\u0142ku do pi\u0105tku w godzinach od 8:00 do 15:00 (pok. nr 41, III pi\u0119tro)<\/p>\n<p>Projekt planu transportowego dost\u0119pny jest r\u00f3wnie\u017c na stronie:\u00a0<a href=\"http:\/\/www.bzpg.pl\/\">www.bzpg.pl<\/a>\u00a0<a href=\"https:\/\/bzpg.bip.gov.pl\/fobjects\/download\/683622\/plan-transportowy-bzpg-17-12-2019-pdf.html\">(kliknij tutaj)<\/a>\u00a0oraz na stronie BIP Zwi\u0105zku:\u00a0<a href=\"http:\/\/www.bzpg.bip.gov.pl\/\">www.bzpg.bip.gov.pl<\/a>.<\/p>\n<p>Opinie do projektu planu transportowego mo\u017cna sk\u0142ada\u0107 na pi\u015bmie oraz drog\u0105 elektroniczn\u0105 na adres\u00a0<a href=\"mailto:biuro@bzpg.pl\">biuro@bzpg.pl<\/a>\u00a0z podaniem imienia i nazwiska lub nazwy jednostki organizacyjnej i adresu,\u00a0<strong>w nieprzekraczalnym terminie do 9 stycznia 2020 r.<\/strong><\/p>\n","protected":false},"excerpt":{"rendered":"<p>OG\u0141OSZENIE o opracowanym projekcie aktualizacji Planu Zr\u00f3wnowa\u017conego Rozwoju Publicznego Transportu Zbiorowego dla Beskidzkiego Zwi\u0105zku Powiatowo-Gminnego &nbsp; Na podstawie art. 10 ust. 1 ustawy z dnia 16 grudnia 2010 r. o publicznym transporcie zbiorowym (t.j. Dz. U. 2018 r., poz. 2016 z p\u00f3\u017an. zm.)\u00a0zawiadamiam o opracowaniu projektu aktualizacji Planu Zr\u00f3wnowa\u017conego Rozwoju Publicznego Transportu Zbiorowego dla Beskidzkiego&hellip; <br \/> <a class=\"read-more\" href=\"https:\/\/www.bzpg.pl\/index.php\/aktualizacja-planu-transportowego\/\">Read more<\/a><\/p>\n","protected":false},"author":1,"featured_media":1685,"comment_status":"open","ping_status":"open","sticky":false,"template":"","format":"standard","meta":{"footnotes":""},"categories":[1],"tags":[],"class_list":["post-1728","post","type-post","status-publish","format-standard","has-post-thumbnail","hentry","category-aktualnosci"],"_links":{"self":[{"href":"https:\/\/www.bzpg.pl\/index.php\/wp-json\/wp\/v2\/posts\/1728","targetHints":{"allow":["GET"]}}],"collection":[{"href":"https:\/\/www.bzpg.pl\/index.php\/wp-json\/wp\/v2\/posts"}],"about":[{"href":"https:\/\/www.bzpg.pl\/index.php\/wp-json\/wp\/v2\/types\/post"}],"author":[{"embeddable":true,"href":"https:\/\/www.bzpg.pl\/index.php\/wp-json\/wp\/v2\/users\/1"}],"replies":[{"embeddable":true,"href":"https:\/\/www.bzpg.pl\/index.php\/wp-json\/wp\/v2\/comments?post=1728"}],"version-history":[{"count":1,"href":"https:\/\/www.bzpg.pl\/index.php\/wp-json\/wp\/v2\/posts\/1728\/revisions"}],"predecessor-version":[{"id":1730,"href":"https:\/\/www.bzpg.pl\/index.php\/wp-json\/wp\/v2\/posts\/1728\/revisions\/1730"}],"wp:featuredmedia":[{"embeddable":true,"href":"https:\/\/www.bzpg.pl\/index.php\/wp-json\/wp\/v2\/media\/1685"}],"wp:attachment":[{"href":"https:\/\/www.bzpg.pl\/index.php\/wp-json\/wp\/v2\/media?parent=1728"}],"wp:term":[{"taxonomy":"category","embeddable":true,"href":"https:\/\/www.bzpg.pl\/index.php\/wp-json\/wp\/v2\/categories?post=1728"},{"taxonomy":"post_tag","embeddable":true,"href":"https:\/\/www.bzpg.pl\/index.php\/wp-json\/wp\/v2\/tags?post=1728"}],"curies":[{"name":"wp","href":"https:\/\/api.w.org\/{rel}","templated":true}]}}