{"id":2023,"date":"2021-02-26T14:44:47","date_gmt":"2021-02-26T13:44:47","guid":{"rendered":"https:\/\/www.bzpg.pl\/?p=2023"},"modified":"2021-02-26T14:50:02","modified_gmt":"2021-02-26T13:50:02","slug":"kolejne-decyzje-dotyczace-rozwoju-publicznego-transportu-zbiorowego","status":"publish","type":"post","link":"https:\/\/www.bzpg.pl\/index.php\/kolejne-decyzje-dotyczace-rozwoju-publicznego-transportu-zbiorowego\/","title":{"rendered":"Kolejne decyzje dotycz\u0105ce rozwoju publicznego transportu zbiorowego"},"content":{"rendered":"<div class=\"kvgmc6g5 cxmmr5t8 oygrvhab hcukyx3x c1et5uql ii04i59q\">\n<div dir=\"auto\"><strong>W pi\u0105tek, 19 lutego po raz pierwszy obradowa\u0142 Zarz\u0105d Beskidzkiego Zwi\u0105zku Powiatowo-Gminnego w nowym 12-osobowym sk\u0142adzie, uzupe\u0142nionym o burmistrza Gminy K\u0119ty Krzysztofa Kl\u0119czara.\u00a0<\/strong><\/div>\n<div dir=\"auto\"><\/div>\n<\/div>\n<div class=\"o9v6fnle cxmmr5t8 oygrvhab hcukyx3x c1et5uql ii04i59q\">\n<div dir=\"auto\">Przede wszystkim cz\u0142onkowie Zarz\u0105du (gminy Bestwina, Buczkowice, Jasienica, Jaworze, K\u0119ty, Kozy, Por\u0105bka, Szczyrk, Wilamowice, Wilkowice oraz Powiat Bielski) zdecydowali o podwy\u017cszeniu kapita\u0142u sp\u00f3\u0142ki o ponad 52%, kt\u00f3ry do tej pory wynosi 4.768.000 z\u0142otych. Decyzj\u0105 Zarz\u0105du BZPG kapita\u0142 sp\u00f3\u0142ki Komunikacja Beskidzka wzro\u015bnie o 2,5 miliona z\u0142otych \u2013 do 7.268.000 z\u0142otych, co istotnie wp\u0142ynie na dzia\u0142alno\u015b\u0107 samej firmy.<\/div>\n<div dir=\"auto\"><\/div>\n<\/div>\n<div class=\"o9v6fnle cxmmr5t8 oygrvhab hcukyx3x c1et5uql ii04i59q\">\n<div dir=\"auto\">Dodatkowe \u015brodki finansowe pochodz\u0105 ze sk\u0142adek wnoszonych przez samorz\u0105dy oraz tzw. \u201ewpisowego\u201d gminy K\u0119ty, kt\u00f3ra zobowi\u0105za\u0142a si\u0119 przez trzy lata wnosi\u0107 na rzecz zwi\u0105zku wp\u0142aty w wysoko\u015bci p\u00f3\u0142 miliona z\u0142otych rocznie. Dwa miliony z\u0142otych z kolei stanowi\u0105 nadwy\u017ck\u0119 finansow\u0105 Zwi\u0105zku wypracowan\u0105 w latach 2019-2020.<\/div>\n<div dir=\"auto\"><\/div>\n<\/div>\n<div class=\"o9v6fnle cxmmr5t8 oygrvhab hcukyx3x c1et5uql ii04i59q\">\n<div dir=\"auto\">Drug\u0105 wa\u017cn\u0105 decyzj\u0105 jest zgoda w\u0142a\u015bciciela sp\u00f3\u0142ki na zakup dw\u00f3ch u\u017cywanych autobus\u00f3w midi firmy Solaris d\u0142ugo\u015bci ok. 9 metr\u00f3w, kt\u00f3re do tej pory je\u017adzi\u0142y po austriackim Tyrolu. Oba autobusy to kilkuletnie pojazdy o silniku dieslowskim i niewielkim przebiegu, a tak\u017ce ca\u0142kowicie sprawne i niewys\u0142u\u017cone. Ca\u0142kowity koszt zakupu autobus\u00f3w to ok. 700 tysi\u0119cy z\u0142otych netto, za\u015b planowany termin transakcji to jeszcze ten kwarta\u0142.<\/div>\n<div dir=\"auto\"><\/div>\n<\/div>\n<div class=\"o9v6fnle cxmmr5t8 oygrvhab hcukyx3x c1et5uql ii04i59q\">\n<div dir=\"auto\">Ale na tym nie koniec, gdy\u017c podczas Zarz\u0105du Zwi\u0105zku ustalili\u015bmy wsp\u00f3lnie z wiceprezesem sp\u00f3\u0142ki Paw\u0142em Sadz\u0105, \u017ce w przysz\u0142ym roku zasilimy tabor Komunikacji Beskidzkiej mo\u017ce nawet i dziesi\u0119cioma dwuletnimi gazowcami, kt\u00f3re dzisiaj je\u017cd\u017c\u0105 po jednym z kraj\u00f3w Unii Europejskiej. Przy okazji tak\u017ce przygotowujemy si\u0119 do nowej edycji funduszy unijnych w ramach perspektywy finansowej 2021-2027, jako \u017ce zamierzamy z\u0142o\u017cy\u0107 kolejny projekt na zakup nawet trzydziestu kilku nowych gazowc\u00f3w. Komunikacja Beskidzka SA zamierza tak\u017ce zakupi\u0107 specjalistyczny trzyosiowy samoch\u00f3d pomocy drogowej, kt\u00f3ry b\u0119dzie mo\u017cna wykorzystywa\u0107 w ramach dzia\u0142alno\u015bci komercyjnej naszego przewo\u017anika.<\/div>\n<div dir=\"auto\"><\/div>\n<\/div>\n<div class=\"o9v6fnle cxmmr5t8 oygrvhab hcukyx3x c1et5uql ii04i59q\">\n<div dir=\"auto\">Najwa\u017cniejsze tegoroczne zamierzenia inwestycyjne Komunikacji Beskidzkiej obejmuj\u0105 tak\u017ce:<\/div>\n<div dir=\"auto\">\u2013 remont i adaptacj\u0119 pomieszcze\u0144 siedziby firmy przy ul. Legion\u00f3w 54 na cele zwi\u0105zane z rozwojem firmy (230 tysi\u0119cy z\u0142otych netto),<\/div>\n<div dir=\"auto\">\u2013 modernizacj\u0119 o\u015bwietlenia terenu zajezdni obejmuj\u0105c\u0105 wymian\u0119 dotychczasowego systemu na energooszcz\u0119dny (280 tysi\u0119cy z\u0142 netto),<\/div>\n<div dir=\"auto\">\u2013 zakup specjalistycznego samochodu do przewozu os\u00f3b niepe\u0142nosprawnych z homologacj\u0119 na dwa w\u00f3zki inwalidzkie (137 tysi\u0119cy z\u0142otych netto),<\/div>\n<div dir=\"auto\">\u2013 zakup tablic informacyjnych i rozk\u0142adowych na dworzec w Bielsku-Bia\u0142ej (50 tysi\u0119cy z\u0142) oraz<\/div>\n<div dir=\"auto\">\u2013 zakup systemu GPS wraz z monitoringiem zu\u017cycia paliwa dla pozosta\u0142ych 76 autobus\u00f3w (105 tysi\u0119cy z\u0142otych netto).<\/div>\n<\/div>\n<div class=\"o9v6fnle cxmmr5t8 oygrvhab hcukyx3x c1et5uql ii04i59q\">\n<div dir=\"auto\">Jednak nie tylko bie\u017c\u0105ca dzia\u0142alno\u015b\u0107 sp\u00f3\u0142ki zostanie zasilona finansowo, ale zdecydowali\u015bmy si\u0119 da\u0107 zielone \u015bwiat\u0142o na uruchomienie dw\u00f3ch projekt\u00f3w rozwojowych \u2013 przede wszystkim (1) rozpocz\u0119cie prac projektowych nowego centrum przesiadkowego przy ul. Warszawskiej w Bielsku-Bia\u0142ej na tzw. dolnej p\u0142ycie dworca oraz (2) zaprojektowanie modernizacji ekonomicznej i ekologicznej zajezdni dawnego PKS-u przy ul. Legion\u00f3w 54 w Bielsku-Bia\u0142ej. Na oba te cele zaplanowali\u015bmy po 300 tysi\u0119cy z\u0142otych netto.<\/div>\n<\/div>\n<div class=\"o9v6fnle cxmmr5t8 oygrvhab hcukyx3x c1et5uql ii04i59q\">\n<div dir=\"auto\">Dzisiejszy zarz\u0105d\u00a0<a class=\"oajrlxb2 g5ia77u1 qu0x051f esr5mh6w e9989ue4 r7d6kgcz rq0escxv nhd2j8a9 nc684nl6 p7hjln8o kvgmc6g5 cxmmr5t8 oygrvhab hcukyx3x jb3vyjys rz4wbd8a qt6c0cv9 a8nywdso i1ao9s8h esuyzwwr f1sip0of lzcic4wl q66pz984 gpro0wi8 b1v8xokw\" tabindex=\"0\" role=\"link\" href=\"https:\/\/www.facebook.com\/hashtag\/bzpg?__eep__=6&amp;__cft__[0]=AZXTvtaz6_udHOIw9HY5YiAm9C6EV1f_mXwsah_psfihzxZBzn0daQTIGZP1LR9kjRxBnESB2PcWvgX9vZfaL55OBezXwYRWeEy2ZsukpzzcZvxhZNgJK-gu7S5D_pnIYiKrNDlkF5SBVN4guYPzTo4cDuIMsDYFUu11YZcynHbejIxH5Wq7kvpGH3u3aBe-Bog&amp;__tn__=*NK-R\">#BZPG<\/a> podj\u0105\u0142 kolejn\u0105 decyzj\u0119 b\u0119d\u0105c\u0105 krokiem milowym w rozwoju komunikacji podmiejskiej. Komunikacja Beskidzka S.A. staje si\u0119 powoli pr\u0119\u017cnym graczem na rynku transportu publicznego. Nie by\u0142oby to jednak mo\u017cliwe bez dobrej wsp\u00f3\u0142pracy poszczeg\u00f3lnych gmin i powiatu.<\/div>\n<\/div>\n<div class=\"o9v6fnle cxmmr5t8 oygrvhab hcukyx3x c1et5uql ii04i59q\">\n<div dir=\"auto\">Nale\u017cy te\u017c podkre\u015bli\u0107, \u017ce opr\u00f3cz cz\u0142onk\u00f3w zwi\u0105zku, tj.\u00a0<a class=\"oajrlxb2 g5ia77u1 qu0x051f esr5mh6w e9989ue4 r7d6kgcz rq0escxv nhd2j8a9 nc684nl6 p7hjln8o kvgmc6g5 cxmmr5t8 oygrvhab hcukyx3x jb3vyjys rz4wbd8a qt6c0cv9 a8nywdso i1ao9s8h esuyzwwr f1sip0of lzcic4wl q66pz984 gpro0wi8 b1v8xokw\" tabindex=\"0\" role=\"link\" href=\"https:\/\/www.facebook.com\/hashtag\/powiatbielski?__eep__=6&amp;__cft__[0]=AZXTvtaz6_udHOIw9HY5YiAm9C6EV1f_mXwsah_psfihzxZBzn0daQTIGZP1LR9kjRxBnESB2PcWvgX9vZfaL55OBezXwYRWeEy2ZsukpzzcZvxhZNgJK-gu7S5D_pnIYiKrNDlkF5SBVN4guYPzTo4cDuIMsDYFUu11YZcynHbejIxH5Wq7kvpGH3u3aBe-Bog&amp;__tn__=*NK-R\">#PowiatBielski<\/a>\u00a0i jego gmin:\u00a0<a class=\"oajrlxb2 g5ia77u1 qu0x051f esr5mh6w e9989ue4 r7d6kgcz rq0escxv nhd2j8a9 nc684nl6 p7hjln8o kvgmc6g5 cxmmr5t8 oygrvhab hcukyx3x jb3vyjys rz4wbd8a qt6c0cv9 a8nywdso i1ao9s8h esuyzwwr f1sip0of lzcic4wl q66pz984 gpro0wi8 b1v8xokw\" tabindex=\"0\" role=\"link\" href=\"https:\/\/www.facebook.com\/hashtag\/bestwina?__eep__=6&amp;__cft__[0]=AZXTvtaz6_udHOIw9HY5YiAm9C6EV1f_mXwsah_psfihzxZBzn0daQTIGZP1LR9kjRxBnESB2PcWvgX9vZfaL55OBezXwYRWeEy2ZsukpzzcZvxhZNgJK-gu7S5D_pnIYiKrNDlkF5SBVN4guYPzTo4cDuIMsDYFUu11YZcynHbejIxH5Wq7kvpGH3u3aBe-Bog&amp;__tn__=*NK-R\">#Bestwina<\/a>,\u00a0<a class=\"oajrlxb2 g5ia77u1 qu0x051f esr5mh6w e9989ue4 r7d6kgcz rq0escxv nhd2j8a9 nc684nl6 p7hjln8o kvgmc6g5 cxmmr5t8 oygrvhab hcukyx3x jb3vyjys rz4wbd8a qt6c0cv9 a8nywdso i1ao9s8h esuyzwwr f1sip0of lzcic4wl q66pz984 gpro0wi8 b1v8xokw\" tabindex=\"0\" role=\"link\" href=\"https:\/\/www.facebook.com\/hashtag\/buczkowice?__eep__=6&amp;__cft__[0]=AZXTvtaz6_udHOIw9HY5YiAm9C6EV1f_mXwsah_psfihzxZBzn0daQTIGZP1LR9kjRxBnESB2PcWvgX9vZfaL55OBezXwYRWeEy2ZsukpzzcZvxhZNgJK-gu7S5D_pnIYiKrNDlkF5SBVN4guYPzTo4cDuIMsDYFUu11YZcynHbejIxH5Wq7kvpGH3u3aBe-Bog&amp;__tn__=*NK-R\">#Buczkowice<\/a>,\u00a0<a class=\"oajrlxb2 g5ia77u1 qu0x051f esr5mh6w e9989ue4 r7d6kgcz rq0escxv nhd2j8a9 nc684nl6 p7hjln8o kvgmc6g5 cxmmr5t8 oygrvhab hcukyx3x jb3vyjys rz4wbd8a qt6c0cv9 a8nywdso i1ao9s8h esuyzwwr f1sip0of lzcic4wl q66pz984 gpro0wi8 b1v8xokw\" tabindex=\"0\" role=\"link\" href=\"https:\/\/www.facebook.com\/hashtag\/jasienica?__eep__=6&amp;__cft__[0]=AZXTvtaz6_udHOIw9HY5YiAm9C6EV1f_mXwsah_psfihzxZBzn0daQTIGZP1LR9kjRxBnESB2PcWvgX9vZfaL55OBezXwYRWeEy2ZsukpzzcZvxhZNgJK-gu7S5D_pnIYiKrNDlkF5SBVN4guYPzTo4cDuIMsDYFUu11YZcynHbejIxH5Wq7kvpGH3u3aBe-Bog&amp;__tn__=*NK-R\">#Jasienica<\/a>,\u00a0<a class=\"oajrlxb2 g5ia77u1 qu0x051f esr5mh6w e9989ue4 r7d6kgcz rq0escxv nhd2j8a9 nc684nl6 p7hjln8o kvgmc6g5 cxmmr5t8 oygrvhab hcukyx3x jb3vyjys rz4wbd8a qt6c0cv9 a8nywdso i1ao9s8h esuyzwwr f1sip0of lzcic4wl q66pz984 gpro0wi8 b1v8xokw\" tabindex=\"0\" role=\"link\" href=\"https:\/\/www.facebook.com\/hashtag\/jaworze?__eep__=6&amp;__cft__[0]=AZXTvtaz6_udHOIw9HY5YiAm9C6EV1f_mXwsah_psfihzxZBzn0daQTIGZP1LR9kjRxBnESB2PcWvgX9vZfaL55OBezXwYRWeEy2ZsukpzzcZvxhZNgJK-gu7S5D_pnIYiKrNDlkF5SBVN4guYPzTo4cDuIMsDYFUu11YZcynHbejIxH5Wq7kvpGH3u3aBe-Bog&amp;__tn__=*NK-R\">#Jaworze<\/a>,\u00a0<a class=\"oajrlxb2 g5ia77u1 qu0x051f esr5mh6w e9989ue4 r7d6kgcz rq0escxv nhd2j8a9 nc684nl6 p7hjln8o kvgmc6g5 cxmmr5t8 oygrvhab hcukyx3x jb3vyjys rz4wbd8a qt6c0cv9 a8nywdso i1ao9s8h esuyzwwr f1sip0of lzcic4wl q66pz984 gpro0wi8 b1v8xokw\" tabindex=\"0\" role=\"link\" href=\"https:\/\/www.facebook.com\/hashtag\/kozy?__eep__=6&amp;__cft__[0]=AZXTvtaz6_udHOIw9HY5YiAm9C6EV1f_mXwsah_psfihzxZBzn0daQTIGZP1LR9kjRxBnESB2PcWvgX9vZfaL55OBezXwYRWeEy2ZsukpzzcZvxhZNgJK-gu7S5D_pnIYiKrNDlkF5SBVN4guYPzTo4cDuIMsDYFUu11YZcynHbejIxH5Wq7kvpGH3u3aBe-Bog&amp;__tn__=*NK-R\">#Kozy<\/a>,\u00a0<a class=\"oajrlxb2 g5ia77u1 qu0x051f esr5mh6w e9989ue4 r7d6kgcz rq0escxv nhd2j8a9 nc684nl6 p7hjln8o kvgmc6g5 cxmmr5t8 oygrvhab hcukyx3x jb3vyjys rz4wbd8a qt6c0cv9 a8nywdso i1ao9s8h esuyzwwr f1sip0of lzcic4wl q66pz984 gpro0wi8 b1v8xokw\" tabindex=\"0\" role=\"link\" href=\"https:\/\/www.facebook.com\/hashtag\/por%C4%85bka?__eep__=6&amp;__cft__[0]=AZXTvtaz6_udHOIw9HY5YiAm9C6EV1f_mXwsah_psfihzxZBzn0daQTIGZP1LR9kjRxBnESB2PcWvgX9vZfaL55OBezXwYRWeEy2ZsukpzzcZvxhZNgJK-gu7S5D_pnIYiKrNDlkF5SBVN4guYPzTo4cDuIMsDYFUu11YZcynHbejIxH5Wq7kvpGH3u3aBe-Bog&amp;__tn__=*NK-R\">#Por\u0105bka<\/a>,\u00a0<a class=\"oajrlxb2 g5ia77u1 qu0x051f esr5mh6w e9989ue4 r7d6kgcz rq0escxv nhd2j8a9 nc684nl6 p7hjln8o kvgmc6g5 cxmmr5t8 oygrvhab hcukyx3x jb3vyjys rz4wbd8a qt6c0cv9 a8nywdso i1ao9s8h esuyzwwr f1sip0of lzcic4wl q66pz984 gpro0wi8 b1v8xokw\" tabindex=\"0\" role=\"link\" href=\"https:\/\/www.facebook.com\/hashtag\/szczyrk?__eep__=6&amp;__cft__[0]=AZXTvtaz6_udHOIw9HY5YiAm9C6EV1f_mXwsah_psfihzxZBzn0daQTIGZP1LR9kjRxBnESB2PcWvgX9vZfaL55OBezXwYRWeEy2ZsukpzzcZvxhZNgJK-gu7S5D_pnIYiKrNDlkF5SBVN4guYPzTo4cDuIMsDYFUu11YZcynHbejIxH5Wq7kvpGH3u3aBe-Bog&amp;__tn__=*NK-R\">#Szczyrk<\/a>,\u00a0<a class=\"oajrlxb2 g5ia77u1 qu0x051f esr5mh6w e9989ue4 r7d6kgcz rq0escxv nhd2j8a9 nc684nl6 p7hjln8o kvgmc6g5 cxmmr5t8 oygrvhab hcukyx3x jb3vyjys rz4wbd8a qt6c0cv9 a8nywdso i1ao9s8h esuyzwwr f1sip0of lzcic4wl q66pz984 gpro0wi8 b1v8xokw\" tabindex=\"0\" role=\"link\" href=\"https:\/\/www.facebook.com\/hashtag\/wilamowice?__eep__=6&amp;__cft__[0]=AZXTvtaz6_udHOIw9HY5YiAm9C6EV1f_mXwsah_psfihzxZBzn0daQTIGZP1LR9kjRxBnESB2PcWvgX9vZfaL55OBezXwYRWeEy2ZsukpzzcZvxhZNgJK-gu7S5D_pnIYiKrNDlkF5SBVN4guYPzTo4cDuIMsDYFUu11YZcynHbejIxH5Wq7kvpGH3u3aBe-Bog&amp;__tn__=*NK-R\">#Wilamowice<\/a>\u00a0i\u00a0<a class=\"oajrlxb2 g5ia77u1 qu0x051f esr5mh6w e9989ue4 r7d6kgcz rq0escxv nhd2j8a9 nc684nl6 p7hjln8o kvgmc6g5 cxmmr5t8 oygrvhab hcukyx3x jb3vyjys rz4wbd8a qt6c0cv9 a8nywdso i1ao9s8h esuyzwwr f1sip0of lzcic4wl q66pz984 gpro0wi8 b1v8xokw\" tabindex=\"0\" role=\"link\" href=\"https:\/\/www.facebook.com\/hashtag\/wilkowice?__eep__=6&amp;__cft__[0]=AZXTvtaz6_udHOIw9HY5YiAm9C6EV1f_mXwsah_psfihzxZBzn0daQTIGZP1LR9kjRxBnESB2PcWvgX9vZfaL55OBezXwYRWeEy2ZsukpzzcZvxhZNgJK-gu7S5D_pnIYiKrNDlkF5SBVN4guYPzTo4cDuIMsDYFUu11YZcynHbejIxH5Wq7kvpGH3u3aBe-Bog&amp;__tn__=*NK-R\">#Wilkowice<\/a>, a tak\u017ce od tego roku gminy\u00a0<a class=\"oajrlxb2 g5ia77u1 qu0x051f esr5mh6w e9989ue4 r7d6kgcz rq0escxv nhd2j8a9 nc684nl6 p7hjln8o kvgmc6g5 cxmmr5t8 oygrvhab hcukyx3x jb3vyjys rz4wbd8a qt6c0cv9 a8nywdso i1ao9s8h esuyzwwr f1sip0of lzcic4wl q66pz984 gpro0wi8 b1v8xokw\" tabindex=\"0\" role=\"link\" href=\"https:\/\/www.facebook.com\/hashtag\/k%C4%99ty?__eep__=6&amp;__cft__[0]=AZXTvtaz6_udHOIw9HY5YiAm9C6EV1f_mXwsah_psfihzxZBzn0daQTIGZP1LR9kjRxBnESB2PcWvgX9vZfaL55OBezXwYRWeEy2ZsukpzzcZvxhZNgJK-gu7S5D_pnIYiKrNDlkF5SBVN4guYPzTo4cDuIMsDYFUu11YZcynHbejIxH5Wq7kvpGH3u3aBe-Bog&amp;__tn__=*NK-R\">#K\u0119ty<\/a> z powiatu o\u015bwi\u0119cimskiego, nasze autobusy wje\u017cd\u017caj\u0105 r\u00f3wnie\u017c do Bielska-Bia\u0142ej oraz na podstawie zawartych porozumie\u0144 administracyjnych do Czernichowa i \u0141odygowic w powiecie \u017cywieckim, Chybia w powiecie cieszy\u0144skim, Osieka w powiecie o\u015bwi\u0119cimskim i Andrychowa w powiecie wadowickim.<\/div>\n<\/div>\n<div dir=\"auto\"><img loading=\"lazy\" decoding=\"async\" class=\"alignnone size-full wp-image-3088\" src=\"https:\/\/www.komunikacjabeskidzka.pl\/wp-content\/uploads\/2021\/02\/25-mln-komunikacja-beskidzka.jpg\" sizes=\"auto, (max-width: 526px) 100vw, 526px\" srcset=\"https:\/\/www.komunikacjabeskidzka.pl\/wp-content\/uploads\/2021\/02\/25-mln-komunikacja-beskidzka.jpg 526w, https:\/\/www.komunikacjabeskidzka.pl\/wp-content\/uploads\/2021\/02\/25-mln-komunikacja-beskidzka-207x300.jpg 207w\" alt=\"\" width=\"526\" height=\"764\" \/><\/div>\n","protected":false},"excerpt":{"rendered":"<p>W pi\u0105tek, 19 lutego po raz pierwszy obradowa\u0142 Zarz\u0105d Beskidzkiego Zwi\u0105zku Powiatowo-Gminnego w nowym 12-osobowym sk\u0142adzie, uzupe\u0142nionym o burmistrza Gminy K\u0119ty Krzysztofa Kl\u0119czara.\u00a0 Przede wszystkim cz\u0142onkowie Zarz\u0105du (gminy Bestwina, Buczkowice, Jasienica, Jaworze, K\u0119ty, Kozy, Por\u0105bka, Szczyrk, Wilamowice, Wilkowice oraz Powiat Bielski) zdecydowali o podwy\u017cszeniu kapita\u0142u sp\u00f3\u0142ki o ponad 52%, kt\u00f3ry do tej pory wynosi 4.768.000&hellip; <br \/> <a class=\"read-more\" href=\"https:\/\/www.bzpg.pl\/index.php\/kolejne-decyzje-dotyczace-rozwoju-publicznego-transportu-zbiorowego\/\">Read more<\/a><\/p>\n","protected":false},"author":4,"featured_media":2025,"comment_status":"closed","ping_status":"open","sticky":false,"template":"","format":"standard","meta":{"footnotes":""},"categories":[1],"tags":[],"class_list":["post-2023","post","type-post","status-publish","format-standard","has-post-thumbnail","hentry","category-aktualnosci"],"_links":{"self":[{"href":"https:\/\/www.bzpg.pl\/index.php\/wp-json\/wp\/v2\/posts\/2023","targetHints":{"allow":["GET"]}}],"collection":[{"href":"https:\/\/www.bzpg.pl\/index.php\/wp-json\/wp\/v2\/posts"}],"about":[{"href":"https:\/\/www.bzpg.pl\/index.php\/wp-json\/wp\/v2\/types\/post"}],"author":[{"embeddable":true,"href":"https:\/\/www.bzpg.pl\/index.php\/wp-json\/wp\/v2\/users\/4"}],"replies":[{"embeddable":true,"href":"https:\/\/www.bzpg.pl\/index.php\/wp-json\/wp\/v2\/comments?post=2023"}],"version-history":[{"count":1,"href":"https:\/\/www.bzpg.pl\/index.php\/wp-json\/wp\/v2\/posts\/2023\/revisions"}],"predecessor-version":[{"id":2024,"href":"https:\/\/www.bzpg.pl\/index.php\/wp-json\/wp\/v2\/posts\/2023\/revisions\/2024"}],"wp:featuredmedia":[{"embeddable":true,"href":"https:\/\/www.bzpg.pl\/index.php\/wp-json\/wp\/v2\/media\/2025"}],"wp:attachment":[{"href":"https:\/\/www.bzpg.pl\/index.php\/wp-json\/wp\/v2\/media?parent=2023"}],"wp:term":[{"taxonomy":"category","embeddable":true,"href":"https:\/\/www.bzpg.pl\/index.php\/wp-json\/wp\/v2\/categories?post=2023"},{"taxonomy":"post_tag","embeddable":true,"href":"https:\/\/www.bzpg.pl\/index.php\/wp-json\/wp\/v2\/tags?post=2023"}],"curies":[{"name":"wp","href":"https:\/\/api.w.org\/{rel}","templated":true}]}}