{"id":2046,"date":"2021-03-19T11:14:49","date_gmt":"2021-03-19T10:14:49","guid":{"rendered":"https:\/\/www.bzpg.pl\/?p=2046"},"modified":"2021-03-19T11:14:49","modified_gmt":"2021-03-19T10:14:49","slug":"nowe-linie-komunikacyjne-od-1-kwietnia-2021r","status":"publish","type":"post","link":"https:\/\/www.bzpg.pl\/index.php\/nowe-linie-komunikacyjne-od-1-kwietnia-2021r\/","title":{"rendered":"Nowe linie komunikacyjne od 1 kwietnia 2021r."},"content":{"rendered":"<p><img decoding=\"async\" class=\"aligncenter\" src=\"https:\/\/www.komunikacjabeskidzka.pl\/wp-content\/uploads\/2021\/03\/Jasienica-plakat-799x1080.png\" \/><\/p>\n<p style=\"text-align: center;\"><a href=\"https:\/\/www.komunikacjabeskidzka.pl\/wp-content\/uploads\/2021\/03\/RozkladLinii722_127_Mi%C4%99dzyrzecze-Dolne-dla-pasa%C5%BCer%C3%B3w.pdf\"><strong><img loading=\"lazy\" decoding=\"async\" class=\"alignnone wp-image-974\" src=\"https:\/\/www.komunikacjabeskidzka.pl\/wp-content\/uploads\/2019\/07\/pdf_big.png\" alt=\"\" width=\"44\" height=\"54\" \/>\u00a0Linia: 127<\/strong><\/a><br \/>\nBIELSKO-B. \u2013 Mi\u0119dzyrzecze G\u00f3rne \u2013 MI\u0118DZYRZECZE DOLNE<\/p>\n<p style=\"text-align: center;\"><a href=\"https:\/\/www.komunikacjabeskidzka.pl\/wp-content\/uploads\/2021\/03\/RozkladLinii722_128_Maza%C5%84cowice-p.Komorowice-dla-pasa%C5%BCer%C3%B3w.pdf\"><strong><img loading=\"lazy\" decoding=\"async\" class=\"alignnone wp-image-974\" src=\"https:\/\/www.komunikacjabeskidzka.pl\/wp-content\/uploads\/2019\/07\/pdf_big.png\" alt=\"\" width=\"44\" height=\"54\" \/>\u00a0Linia: 128<\/strong><\/a><br \/>\nBIELSKO-B. \u2013 Maza\u0144cowice Osiedle \u2013 MAZA\u0143COWICE O\u015aR. ZDROWIA<\/p>\n<p style=\"text-align: center;\"><strong><a href=\"https:\/\/www.komunikacjabeskidzka.pl\/wp-content\/uploads\/2021\/03\/RozkladLinii722_129_Maza%C5%84cowice-przez-St.Bielsko-dla-pasa%C5%BCer%C3%B3w.pdf\"><img loading=\"lazy\" decoding=\"async\" class=\"alignnone wp-image-974\" src=\"https:\/\/www.komunikacjabeskidzka.pl\/wp-content\/uploads\/2019\/07\/pdf_big.png\" alt=\"\" width=\"44\" height=\"54\" \/>\u00a0Linia: 129<\/a><\/strong><br \/>\nBIELSKO-B. \u2013 Maza\u0144cowice Sp\u00f3\u0142dzielnia \u2013 MAZA\u0143COWICE O\u015aR. ZDROWIA<\/p>\n<p style=\"text-align: center;\">\n","protected":false},"excerpt":{"rendered":"<p>\u00a0Linia: 127 BIELSKO-B. \u2013 Mi\u0119dzyrzecze G\u00f3rne \u2013 MI\u0118DZYRZECZE DOLNE \u00a0Linia: 128 BIELSKO-B. \u2013 Maza\u0144cowice Osiedle \u2013 MAZA\u0143COWICE O\u015aR. ZDROWIA \u00a0Linia: 129 BIELSKO-B. \u2013 Maza\u0144cowice Sp\u00f3\u0142dzielnia \u2013 MAZA\u0143COWICE O\u015aR. ZDROWIA<\/p>\n","protected":false},"author":6,"featured_media":1838,"comment_status":"closed","ping_status":"closed","sticky":false,"template":"","format":"standard","meta":{"footnotes":""},"categories":[1],"tags":[],"class_list":["post-2046","post","type-post","status-publish","format-standard","has-post-thumbnail","hentry","category-aktualnosci"],"_links":{"self":[{"href":"https:\/\/www.bzpg.pl\/index.php\/wp-json\/wp\/v2\/posts\/2046","targetHints":{"allow":["GET"]}}],"collection":[{"href":"https:\/\/www.bzpg.pl\/index.php\/wp-json\/wp\/v2\/posts"}],"about":[{"href":"https:\/\/www.bzpg.pl\/index.php\/wp-json\/wp\/v2\/types\/post"}],"author":[{"embeddable":true,"href":"https:\/\/www.bzpg.pl\/index.php\/wp-json\/wp\/v2\/users\/6"}],"replies":[{"embeddable":true,"href":"https:\/\/www.bzpg.pl\/index.php\/wp-json\/wp\/v2\/comments?post=2046"}],"version-history":[{"count":1,"href":"https:\/\/www.bzpg.pl\/index.php\/wp-json\/wp\/v2\/posts\/2046\/revisions"}],"predecessor-version":[{"id":2047,"href":"https:\/\/www.bzpg.pl\/index.php\/wp-json\/wp\/v2\/posts\/2046\/revisions\/2047"}],"wp:featuredmedia":[{"embeddable":true,"href":"https:\/\/www.bzpg.pl\/index.php\/wp-json\/wp\/v2\/media\/1838"}],"wp:attachment":[{"href":"https:\/\/www.bzpg.pl\/index.php\/wp-json\/wp\/v2\/media?parent=2046"}],"wp:term":[{"taxonomy":"category","embeddable":true,"href":"https:\/\/www.bzpg.pl\/index.php\/wp-json\/wp\/v2\/categories?post=2046"},{"taxonomy":"post_tag","embeddable":true,"href":"https:\/\/www.bzpg.pl\/index.php\/wp-json\/wp\/v2\/tags?post=2046"}],"curies":[{"name":"wp","href":"https:\/\/api.w.org\/{rel}","templated":true}]}}