{"id":2276,"date":"2022-08-30T09:28:21","date_gmt":"2022-08-30T07:28:21","guid":{"rendered":"https:\/\/www.bzpg.pl\/?p=2276"},"modified":"2022-08-30T10:48:27","modified_gmt":"2022-08-30T08:48:27","slug":"nowa-autobus-w-szeregach-komunikacji-beskidzkiej","status":"publish","type":"post","link":"https:\/\/www.bzpg.pl\/index.php\/nowa-autobus-w-szeregach-komunikacji-beskidzkiej\/","title":{"rendered":"Nowy zakup Beskidzkiego Zwi\u0105zku Powiatowo-Gminnego"},"content":{"rendered":"<p>Do siedziby Beskidzkiego Zwi\u0105zku Powiatowo-Gminnego dotar\u0142 nowy autobus IRIZAR I6S. Pojazd zosta\u0142 zakupiony ze \u015brodk\u00f3w Programu Inwestycji Strategicznych Polski \u0141ad &#8211; Edycja I, w ramach projektu pn. &#8222;Poprawa bezpiecze\u0144stwa oraz jako\u015bci us\u0142ug poprzez zakup taboru zbiorowego transportu drogowego&#8221;.<\/p>\n<p>Warto\u015b\u0107 zadania wynios\u0142a 1 463 700,00 z\u0142, z czego dofinansowanie to 1 170 960,00 z\u0142 a udzia\u0142 w\u0142asny Beskidzkiego Zwi\u0105zku Powiatowo-Gminnego 292 740,00 z\u0142.<\/p>\n<p>Nowy zakup to\u00a0autobus wysokopok\u0142adowy,\u00a0<span style=\"background-color: transparent;\">\u00a0<\/span><span style=\"background-color: transparent;\">wyposa\u017cony w 410-konny silnik spe\u0142niaj\u0105cy najwy\u017csze normy emisji spalin EURO 6. Autobus ma 12,9 m d\u0142ugo\u015bci i na sw\u00f3j pok\u0142ad mo\u017ce zabra\u0107 55 pasa\u017cer\u00f3w. Zosta\u0142 wyposa\u017cony m.in. w aktywny tempomat, asystenta pasa ruchu, z\u0142\u0105cza USB dla ka\u017cdego fotela oraz blokad\u0119 antyalkoholow\u0105, kt\u00f3ra sprawia \u017ce\u00a0kierowca, \u017ceby uruchomi\u0107 silnik, b\u0119dzie musia\u0142 najpierw dmuchn\u0105\u0107 w alkomat.<\/span><\/p>\n<p><span style=\"background-color: transparent;\">Szereg dodatkowych urz\u0105dze\u0144, w kt\u00f3re wyposa\u017cony zosta\u0142 pojazd przyczyni si\u0119 do poprawy bezpiecze\u0144stwa podr\u00f3\u017cy i jako\u015bci us\u0142ug, ze szczeg\u00f3lnym uwzgl\u0119dnieniem m\u0142odzie\u017cy szkolnej, jak r\u00f3wnie\u017c wp\u0142ynie pozytywnie na redukcj\u0119 emisji zanieczyszcze\u0144 do atmosfery.<\/span><\/p>\n<p><a href=\"https:\/\/www.bzpg.pl\/wp-content\/uploads\/2022\/08\/tablica-poziom-scaled.jpg\"><br \/>\n<img loading=\"lazy\" decoding=\"async\" class=\" wp-image-2278 aligncenter\" src=\"https:\/\/www.bzpg.pl\/wp-content\/uploads\/2022\/08\/tablica-poziom-300x200.jpg\" alt=\"\" width=\"788\" height=\"525\" srcset=\"https:\/\/www.bzpg.pl\/wp-content\/uploads\/2022\/08\/tablica-poziom-300x200.jpg 300w, https:\/\/www.bzpg.pl\/wp-content\/uploads\/2022\/08\/tablica-poziom-1024x683.jpg 1024w, https:\/\/www.bzpg.pl\/wp-content\/uploads\/2022\/08\/tablica-poziom-768x512.jpg 768w, https:\/\/www.bzpg.pl\/wp-content\/uploads\/2022\/08\/tablica-poziom-1536x1024.jpg 1536w, https:\/\/www.bzpg.pl\/wp-content\/uploads\/2022\/08\/tablica-poziom-2048x1365.jpg 2048w, https:\/\/www.bzpg.pl\/wp-content\/uploads\/2022\/08\/tablica-poziom-1620x1080.jpg 1620w, https:\/\/www.bzpg.pl\/wp-content\/uploads\/2022\/08\/tablica-poziom-30x20.jpg 30w, https:\/\/www.bzpg.pl\/wp-content\/uploads\/2022\/08\/tablica-poziom-20x13.jpg 20w\" sizes=\"auto, (max-width: 788px) 100vw, 788px\" \/><\/a><\/p>\n<p><a href=\"https:\/\/www.bzpg.pl\/wp-content\/uploads\/2022\/08\/IMG_20220830_075732.jpg\"><img loading=\"lazy\" decoding=\"async\" class=\" wp-image-2281 aligncenter\" src=\"https:\/\/www.bzpg.pl\/wp-content\/uploads\/2022\/08\/IMG_20220830_075732-225x300.jpg\" alt=\"\" width=\"529\" height=\"705\" srcset=\"https:\/\/www.bzpg.pl\/wp-content\/uploads\/2022\/08\/IMG_20220830_075732-225x300.jpg 225w, https:\/\/www.bzpg.pl\/wp-content\/uploads\/2022\/08\/IMG_20220830_075732-768x1024.jpg 768w, https:\/\/www.bzpg.pl\/wp-content\/uploads\/2022\/08\/IMG_20220830_075732-1152x1536.jpg 1152w, https:\/\/www.bzpg.pl\/wp-content\/uploads\/2022\/08\/IMG_20220830_075732-1024x1365.jpg 1024w, https:\/\/www.bzpg.pl\/wp-content\/uploads\/2022\/08\/IMG_20220830_075732-810x1080.jpg 810w, https:\/\/www.bzpg.pl\/wp-content\/uploads\/2022\/08\/IMG_20220830_075732-15x20.jpg 15w, https:\/\/www.bzpg.pl\/wp-content\/uploads\/2022\/08\/IMG_20220830_075732.jpg 1254w\" sizes=\"auto, (max-width: 529px) 100vw, 529px\" \/><\/a><a href=\"https:\/\/www.bzpg.pl\/wp-content\/uploads\/2022\/08\/IMG_20220830_075841.jpg\"><img loading=\"lazy\" decoding=\"async\" class=\"wp-image-2283 aligncenter\" src=\"https:\/\/www.bzpg.pl\/wp-content\/uploads\/2022\/08\/IMG_20220830_075841-225x300.jpg\" alt=\"\" width=\"527\" height=\"702\" srcset=\"https:\/\/www.bzpg.pl\/wp-content\/uploads\/2022\/08\/IMG_20220830_075841-225x300.jpg 225w, https:\/\/www.bzpg.pl\/wp-content\/uploads\/2022\/08\/IMG_20220830_075841-768x1024.jpg 768w, https:\/\/www.bzpg.pl\/wp-content\/uploads\/2022\/08\/IMG_20220830_075841-1152x1536.jpg 1152w, https:\/\/www.bzpg.pl\/wp-content\/uploads\/2022\/08\/IMG_20220830_075841-1024x1365.jpg 1024w, https:\/\/www.bzpg.pl\/wp-content\/uploads\/2022\/08\/IMG_20220830_075841-810x1080.jpg 810w, https:\/\/www.bzpg.pl\/wp-content\/uploads\/2022\/08\/IMG_20220830_075841-15x20.jpg 15w, https:\/\/www.bzpg.pl\/wp-content\/uploads\/2022\/08\/IMG_20220830_075841.jpg 1254w\" sizes=\"auto, (max-width: 527px) 100vw, 527px\" \/><\/a><a href=\"https:\/\/www.bzpg.pl\/wp-content\/uploads\/2022\/08\/IMG_20220830_080132.jpg\"><img loading=\"lazy\" decoding=\"async\" class=\"wp-image-2284 aligncenter\" src=\"https:\/\/www.bzpg.pl\/wp-content\/uploads\/2022\/08\/IMG_20220830_080132-300x225.jpg\" alt=\"\" width=\"798\" height=\"599\" srcset=\"https:\/\/www.bzpg.pl\/wp-content\/uploads\/2022\/08\/IMG_20220830_080132-300x225.jpg 300w, https:\/\/www.bzpg.pl\/wp-content\/uploads\/2022\/08\/IMG_20220830_080132-1024x768.jpg 1024w, https:\/\/www.bzpg.pl\/wp-content\/uploads\/2022\/08\/IMG_20220830_080132-768x576.jpg 768w, https:\/\/www.bzpg.pl\/wp-content\/uploads\/2022\/08\/IMG_20220830_080132-1536x1152.jpg 1536w, https:\/\/www.bzpg.pl\/wp-content\/uploads\/2022\/08\/IMG_20220830_080132-1440x1080.jpg 1440w, https:\/\/www.bzpg.pl\/wp-content\/uploads\/2022\/08\/IMG_20220830_080132-27x20.jpg 27w, https:\/\/www.bzpg.pl\/wp-content\/uploads\/2022\/08\/IMG_20220830_080132-20x15.jpg 20w, https:\/\/www.bzpg.pl\/wp-content\/uploads\/2022\/08\/IMG_20220830_080132.jpg 1672w\" sizes=\"auto, (max-width: 798px) 100vw, 798px\" \/><\/a><\/p>\n","protected":false},"excerpt":{"rendered":"<p>Do siedziby Beskidzkiego Zwi\u0105zku Powiatowo-Gminnego dotar\u0142 nowy autobus IRIZAR I6S. Pojazd zosta\u0142 zakupiony ze \u015brodk\u00f3w Programu Inwestycji Strategicznych Polski \u0141ad &#8211; Edycja I, w ramach projektu pn. &#8222;Poprawa bezpiecze\u0144stwa oraz jako\u015bci us\u0142ug poprzez zakup taboru zbiorowego transportu drogowego&#8221;. Warto\u015b\u0107 zadania wynios\u0142a 1 463 700,00 z\u0142, z czego dofinansowanie to 1 170 960,00 z\u0142 a udzia\u0142&hellip; <br \/> <a class=\"read-more\" href=\"https:\/\/www.bzpg.pl\/index.php\/nowa-autobus-w-szeregach-komunikacji-beskidzkiej\/\">Read more<\/a><\/p>\n","protected":false},"author":6,"featured_media":2282,"comment_status":"closed","ping_status":"closed","sticky":false,"template":"","format":"standard","meta":{"footnotes":""},"categories":[1],"tags":[],"class_list":["post-2276","post","type-post","status-publish","format-standard","has-post-thumbnail","hentry","category-aktualnosci"],"yoast_head":"<!-- This site is optimized with the Yoast SEO plugin v28.1 - https:\/\/yoast.com\/product\/yoast-seo-wordpress\/ -->\n<title>Nowy zakup Beskidzkiego Zwi\u0105zku Powiatowo-Gminnego - Beskidzki Zwi\u0105zek Powiatowo Gminny<\/title>\n<meta name=\"robots\" content=\"index, follow, max-snippet:-1, max-image-preview:large, max-video-preview:-1\" \/>\n<link rel=\"canonical\" href=\"https:\/\/www.bzpg.pl\/index.php\/nowa-autobus-w-szeregach-komunikacji-beskidzkiej\/\" \/>\n<meta property=\"og:locale\" content=\"pl_PL\" \/>\n<meta property=\"og:type\" content=\"article\" \/>\n<meta property=\"og:title\" content=\"Nowy zakup Beskidzkiego Zwi\u0105zku Powiatowo-Gminnego - Beskidzki Zwi\u0105zek Powiatowo Gminny\" \/>\n<meta property=\"og:description\" content=\"Do siedziby Beskidzkiego Zwi\u0105zku Powiatowo-Gminnego dotar\u0142 nowy autobus IRIZAR I6S. Pojazd zosta\u0142 zakupiony ze \u015brodk\u00f3w Programu Inwestycji Strategicznych Polski \u0141ad &#8211; Edycja I, w ramach projektu pn. &#8222;Poprawa bezpiecze\u0144stwa oraz jako\u015bci us\u0142ug poprzez zakup taboru zbiorowego transportu drogowego&#8221;. Warto\u015b\u0107 zadania wynios\u0142a 1 463 700,00 z\u0142, z czego dofinansowanie to 1 170 960,00 z\u0142 a udzia\u0142&hellip; Read more\" \/>\n<meta property=\"og:url\" content=\"https:\/\/www.bzpg.pl\/index.php\/nowa-autobus-w-szeregach-komunikacji-beskidzkiej\/\" \/>\n<meta property=\"og:site_name\" content=\"Beskidzki Zwi\u0105zek Powiatowo Gminny\" \/>\n<meta property=\"article:published_time\" content=\"2022-08-30T07:28:21+00:00\" \/>\n<meta property=\"article:modified_time\" content=\"2022-08-30T08:48:27+00:00\" \/>\n<meta property=\"og:image\" content=\"https:\/\/www.bzpg.pl\/wp-content\/uploads\/2022\/08\/IMG_20220830_075758.jpg\" \/>\n\t<meta property=\"og:image:width\" content=\"1672\" \/>\n\t<meta property=\"og:image:height\" content=\"1254\" \/>\n\t<meta property=\"og:image:type\" content=\"image\/jpeg\" \/>\n<meta name=\"author\" content=\"IH_mod\" \/>\n<meta name=\"twitter:card\" content=\"summary_large_image\" \/>\n<meta name=\"twitter:label1\" content=\"Napisane przez\" \/>\n\t<meta name=\"twitter:data1\" content=\"IH_mod\" \/>\n\t<meta name=\"twitter:label2\" content=\"Szacowany czas czytania\" \/>\n\t<meta name=\"twitter:data2\" content=\"1 minuta\" \/>\n<script type=\"application\/ld+json\" class=\"yoast-schema-graph\">{\"@context\":\"https:\\\/\\\/schema.org\",\"@graph\":[{\"@type\":\"Article\",\"@id\":\"https:\\\/\\\/www.bzpg.pl\\\/index.php\\\/nowa-autobus-w-szeregach-komunikacji-beskidzkiej\\\/#article\",\"isPartOf\":{\"@id\":\"https:\\\/\\\/www.bzpg.pl\\\/index.php\\\/nowa-autobus-w-szeregach-komunikacji-beskidzkiej\\\/\"},\"author\":{\"name\":\"IH_mod\",\"@id\":\"https:\\\/\\\/www.bzpg.pl\\\/#\\\/schema\\\/person\\\/4d658aa8491d42f4b97f713053d4216a\"},\"headline\":\"Nowy zakup Beskidzkiego Zwi\u0105zku Powiatowo-Gminnego\",\"datePublished\":\"2022-08-30T07:28:21+00:00\",\"dateModified\":\"2022-08-30T08:48:27+00:00\",\"mainEntityOfPage\":{\"@id\":\"https:\\\/\\\/www.bzpg.pl\\\/index.php\\\/nowa-autobus-w-szeregach-komunikacji-beskidzkiej\\\/\"},\"wordCount\":188,\"publisher\":{\"@id\":\"https:\\\/\\\/www.bzpg.pl\\\/#organization\"},\"image\":{\"@id\":\"https:\\\/\\\/www.bzpg.pl\\\/index.php\\\/nowa-autobus-w-szeregach-komunikacji-beskidzkiej\\\/#primaryimage\"},\"thumbnailUrl\":\"https:\\\/\\\/www.bzpg.pl\\\/wp-content\\\/uploads\\\/2022\\\/08\\\/IMG_20220830_075758.jpg\",\"articleSection\":[\"Aktualno\u015bci\"],\"inLanguage\":\"pl-PL\"},{\"@type\":\"WebPage\",\"@id\":\"https:\\\/\\\/www.bzpg.pl\\\/index.php\\\/nowa-autobus-w-szeregach-komunikacji-beskidzkiej\\\/\",\"url\":\"https:\\\/\\\/www.bzpg.pl\\\/index.php\\\/nowa-autobus-w-szeregach-komunikacji-beskidzkiej\\\/\",\"name\":\"Nowy zakup Beskidzkiego Zwi\u0105zku Powiatowo-Gminnego - Beskidzki Zwi\u0105zek Powiatowo Gminny\",\"isPartOf\":{\"@id\":\"https:\\\/\\\/www.bzpg.pl\\\/#website\"},\"primaryImageOfPage\":{\"@id\":\"https:\\\/\\\/www.bzpg.pl\\\/index.php\\\/nowa-autobus-w-szeregach-komunikacji-beskidzkiej\\\/#primaryimage\"},\"image\":{\"@id\":\"https:\\\/\\\/www.bzpg.pl\\\/index.php\\\/nowa-autobus-w-szeregach-komunikacji-beskidzkiej\\\/#primaryimage\"},\"thumbnailUrl\":\"https:\\\/\\\/www.bzpg.pl\\\/wp-content\\\/uploads\\\/2022\\\/08\\\/IMG_20220830_075758.jpg\",\"datePublished\":\"2022-08-30T07:28:21+00:00\",\"dateModified\":\"2022-08-30T08:48:27+00:00\",\"breadcrumb\":{\"@id\":\"https:\\\/\\\/www.bzpg.pl\\\/index.php\\\/nowa-autobus-w-szeregach-komunikacji-beskidzkiej\\\/#breadcrumb\"},\"inLanguage\":\"pl-PL\",\"potentialAction\":[{\"@type\":\"ReadAction\",\"target\":[\"https:\\\/\\\/www.bzpg.pl\\\/index.php\\\/nowa-autobus-w-szeregach-komunikacji-beskidzkiej\\\/\"]}]},{\"@type\":\"ImageObject\",\"inLanguage\":\"pl-PL\",\"@id\":\"https:\\\/\\\/www.bzpg.pl\\\/index.php\\\/nowa-autobus-w-szeregach-komunikacji-beskidzkiej\\\/#primaryimage\",\"url\":\"https:\\\/\\\/www.bzpg.pl\\\/wp-content\\\/uploads\\\/2022\\\/08\\\/IMG_20220830_075758.jpg\",\"contentUrl\":\"https:\\\/\\\/www.bzpg.pl\\\/wp-content\\\/uploads\\\/2022\\\/08\\\/IMG_20220830_075758.jpg\",\"width\":1672,\"height\":1254},{\"@type\":\"BreadcrumbList\",\"@id\":\"https:\\\/\\\/www.bzpg.pl\\\/index.php\\\/nowa-autobus-w-szeregach-komunikacji-beskidzkiej\\\/#breadcrumb\",\"itemListElement\":[{\"@type\":\"ListItem\",\"position\":1,\"name\":\"Home\",\"item\":\"https:\\\/\\\/www.bzpg.pl\\\/\"},{\"@type\":\"ListItem\",\"position\":2,\"name\":\"Nowy zakup Beskidzkiego Zwi\u0105zku Powiatowo-Gminnego\"}]},{\"@type\":\"WebSite\",\"@id\":\"https:\\\/\\\/www.bzpg.pl\\\/#website\",\"url\":\"https:\\\/\\\/www.bzpg.pl\\\/\",\"name\":\"Beskidzki Zwi\u0105zek Powiatowo Gminny\",\"description\":\"\",\"publisher\":{\"@id\":\"https:\\\/\\\/www.bzpg.pl\\\/#organization\"},\"potentialAction\":[{\"@type\":\"SearchAction\",\"target\":{\"@type\":\"EntryPoint\",\"urlTemplate\":\"https:\\\/\\\/www.bzpg.pl\\\/?s={search_term_string}\"},\"query-input\":{\"@type\":\"PropertyValueSpecification\",\"valueRequired\":true,\"valueName\":\"search_term_string\"}}],\"inLanguage\":\"pl-PL\"},{\"@type\":\"Organization\",\"@id\":\"https:\\\/\\\/www.bzpg.pl\\\/#organization\",\"name\":\"Beskidzki Zwi\u0105zek Powiatowo Gminny\",\"url\":\"https:\\\/\\\/www.bzpg.pl\\\/\",\"logo\":{\"@type\":\"ImageObject\",\"inLanguage\":\"pl-PL\",\"@id\":\"https:\\\/\\\/www.bzpg.pl\\\/#\\\/schema\\\/logo\\\/image\\\/\",\"url\":\"https:\\\/\\\/www.bzpg.pl\\\/wp-content\\\/uploads\\\/2021\\\/01\\\/cropped-bzpg_logo1.png\",\"contentUrl\":\"https:\\\/\\\/www.bzpg.pl\\\/wp-content\\\/uploads\\\/2021\\\/01\\\/cropped-bzpg_logo1.png\",\"width\":1733,\"height\":432,\"caption\":\"Beskidzki Zwi\u0105zek Powiatowo Gminny\"},\"image\":{\"@id\":\"https:\\\/\\\/www.bzpg.pl\\\/#\\\/schema\\\/logo\\\/image\\\/\"}},{\"@type\":\"Person\",\"@id\":\"https:\\\/\\\/www.bzpg.pl\\\/#\\\/schema\\\/person\\\/4d658aa8491d42f4b97f713053d4216a\",\"name\":\"IH_mod\",\"image\":{\"@type\":\"ImageObject\",\"inLanguage\":\"pl-PL\",\"@id\":\"https:\\\/\\\/secure.gravatar.com\\\/avatar\\\/4a4b36c39f620d53768c855f7f46cc87beae9656f103071967649ec5c2d200b6?s=96&d=mm&r=g\",\"url\":\"https:\\\/\\\/secure.gravatar.com\\\/avatar\\\/4a4b36c39f620d53768c855f7f46cc87beae9656f103071967649ec5c2d200b6?s=96&d=mm&r=g\",\"contentUrl\":\"https:\\\/\\\/secure.gravatar.com\\\/avatar\\\/4a4b36c39f620d53768c855f7f46cc87beae9656f103071967649ec5c2d200b6?s=96&d=mm&r=g\",\"caption\":\"IH_mod\"},\"url\":\"https:\\\/\\\/www.bzpg.pl\\\/index.php\\\/author\\\/ih_mod\\\/\"}]}<\/script>\n<!-- \/ Yoast SEO plugin. -->","yoast_head_json":{"title":"Nowy zakup Beskidzkiego Zwi\u0105zku Powiatowo-Gminnego - Beskidzki Zwi\u0105zek Powiatowo Gminny","robots":{"index":"index","follow":"follow","max-snippet":"max-snippet:-1","max-image-preview":"max-image-preview:large","max-video-preview":"max-video-preview:-1"},"canonical":"https:\/\/www.bzpg.pl\/index.php\/nowa-autobus-w-szeregach-komunikacji-beskidzkiej\/","og_locale":"pl_PL","og_type":"article","og_title":"Nowy zakup Beskidzkiego Zwi\u0105zku Powiatowo-Gminnego - Beskidzki Zwi\u0105zek Powiatowo Gminny","og_description":"Do siedziby Beskidzkiego Zwi\u0105zku Powiatowo-Gminnego dotar\u0142 nowy autobus IRIZAR I6S. Pojazd zosta\u0142 zakupiony ze \u015brodk\u00f3w Programu Inwestycji Strategicznych Polski \u0141ad &#8211; Edycja I, w ramach projektu pn. &#8222;Poprawa bezpiecze\u0144stwa oraz jako\u015bci us\u0142ug poprzez zakup taboru zbiorowego transportu drogowego&#8221;. Warto\u015b\u0107 zadania wynios\u0142a 1 463 700,00 z\u0142, z czego dofinansowanie to 1 170 960,00 z\u0142 a udzia\u0142&hellip; Read more","og_url":"https:\/\/www.bzpg.pl\/index.php\/nowa-autobus-w-szeregach-komunikacji-beskidzkiej\/","og_site_name":"Beskidzki Zwi\u0105zek Powiatowo Gminny","article_published_time":"2022-08-30T07:28:21+00:00","article_modified_time":"2022-08-30T08:48:27+00:00","og_image":[{"width":1672,"height":1254,"url":"https:\/\/www.bzpg.pl\/wp-content\/uploads\/2022\/08\/IMG_20220830_075758.jpg","type":"image\/jpeg"}],"author":"IH_mod","twitter_card":"summary_large_image","twitter_misc":{"Napisane przez":"IH_mod","Szacowany czas czytania":"1 minuta"},"schema":{"@context":"https:\/\/schema.org","@graph":[{"@type":"Article","@id":"https:\/\/www.bzpg.pl\/index.php\/nowa-autobus-w-szeregach-komunikacji-beskidzkiej\/#article","isPartOf":{"@id":"https:\/\/www.bzpg.pl\/index.php\/nowa-autobus-w-szeregach-komunikacji-beskidzkiej\/"},"author":{"name":"IH_mod","@id":"https:\/\/www.bzpg.pl\/#\/schema\/person\/4d658aa8491d42f4b97f713053d4216a"},"headline":"Nowy zakup Beskidzkiego Zwi\u0105zku Powiatowo-Gminnego","datePublished":"2022-08-30T07:28:21+00:00","dateModified":"2022-08-30T08:48:27+00:00","mainEntityOfPage":{"@id":"https:\/\/www.bzpg.pl\/index.php\/nowa-autobus-w-szeregach-komunikacji-beskidzkiej\/"},"wordCount":188,"publisher":{"@id":"https:\/\/www.bzpg.pl\/#organization"},"image":{"@id":"https:\/\/www.bzpg.pl\/index.php\/nowa-autobus-w-szeregach-komunikacji-beskidzkiej\/#primaryimage"},"thumbnailUrl":"https:\/\/www.bzpg.pl\/wp-content\/uploads\/2022\/08\/IMG_20220830_075758.jpg","articleSection":["Aktualno\u015bci"],"inLanguage":"pl-PL"},{"@type":"WebPage","@id":"https:\/\/www.bzpg.pl\/index.php\/nowa-autobus-w-szeregach-komunikacji-beskidzkiej\/","url":"https:\/\/www.bzpg.pl\/index.php\/nowa-autobus-w-szeregach-komunikacji-beskidzkiej\/","name":"Nowy zakup Beskidzkiego Zwi\u0105zku Powiatowo-Gminnego - Beskidzki Zwi\u0105zek Powiatowo Gminny","isPartOf":{"@id":"https:\/\/www.bzpg.pl\/#website"},"primaryImageOfPage":{"@id":"https:\/\/www.bzpg.pl\/index.php\/nowa-autobus-w-szeregach-komunikacji-beskidzkiej\/#primaryimage"},"image":{"@id":"https:\/\/www.bzpg.pl\/index.php\/nowa-autobus-w-szeregach-komunikacji-beskidzkiej\/#primaryimage"},"thumbnailUrl":"https:\/\/www.bzpg.pl\/wp-content\/uploads\/2022\/08\/IMG_20220830_075758.jpg","datePublished":"2022-08-30T07:28:21+00:00","dateModified":"2022-08-30T08:48:27+00:00","breadcrumb":{"@id":"https:\/\/www.bzpg.pl\/index.php\/nowa-autobus-w-szeregach-komunikacji-beskidzkiej\/#breadcrumb"},"inLanguage":"pl-PL","potentialAction":[{"@type":"ReadAction","target":["https:\/\/www.bzpg.pl\/index.php\/nowa-autobus-w-szeregach-komunikacji-beskidzkiej\/"]}]},{"@type":"ImageObject","inLanguage":"pl-PL","@id":"https:\/\/www.bzpg.pl\/index.php\/nowa-autobus-w-szeregach-komunikacji-beskidzkiej\/#primaryimage","url":"https:\/\/www.bzpg.pl\/wp-content\/uploads\/2022\/08\/IMG_20220830_075758.jpg","contentUrl":"https:\/\/www.bzpg.pl\/wp-content\/uploads\/2022\/08\/IMG_20220830_075758.jpg","width":1672,"height":1254},{"@type":"BreadcrumbList","@id":"https:\/\/www.bzpg.pl\/index.php\/nowa-autobus-w-szeregach-komunikacji-beskidzkiej\/#breadcrumb","itemListElement":[{"@type":"ListItem","position":1,"name":"Home","item":"https:\/\/www.bzpg.pl\/"},{"@type":"ListItem","position":2,"name":"Nowy zakup Beskidzkiego Zwi\u0105zku Powiatowo-Gminnego"}]},{"@type":"WebSite","@id":"https:\/\/www.bzpg.pl\/#website","url":"https:\/\/www.bzpg.pl\/","name":"Beskidzki Zwi\u0105zek Powiatowo Gminny","description":"","publisher":{"@id":"https:\/\/www.bzpg.pl\/#organization"},"potentialAction":[{"@type":"SearchAction","target":{"@type":"EntryPoint","urlTemplate":"https:\/\/www.bzpg.pl\/?s={search_term_string}"},"query-input":{"@type":"PropertyValueSpecification","valueRequired":true,"valueName":"search_term_string"}}],"inLanguage":"pl-PL"},{"@type":"Organization","@id":"https:\/\/www.bzpg.pl\/#organization","name":"Beskidzki Zwi\u0105zek Powiatowo Gminny","url":"https:\/\/www.bzpg.pl\/","logo":{"@type":"ImageObject","inLanguage":"pl-PL","@id":"https:\/\/www.bzpg.pl\/#\/schema\/logo\/image\/","url":"https:\/\/www.bzpg.pl\/wp-content\/uploads\/2021\/01\/cropped-bzpg_logo1.png","contentUrl":"https:\/\/www.bzpg.pl\/wp-content\/uploads\/2021\/01\/cropped-bzpg_logo1.png","width":1733,"height":432,"caption":"Beskidzki Zwi\u0105zek Powiatowo Gminny"},"image":{"@id":"https:\/\/www.bzpg.pl\/#\/schema\/logo\/image\/"}},{"@type":"Person","@id":"https:\/\/www.bzpg.pl\/#\/schema\/person\/4d658aa8491d42f4b97f713053d4216a","name":"IH_mod","image":{"@type":"ImageObject","inLanguage":"pl-PL","@id":"https:\/\/secure.gravatar.com\/avatar\/4a4b36c39f620d53768c855f7f46cc87beae9656f103071967649ec5c2d200b6?s=96&d=mm&r=g","url":"https:\/\/secure.gravatar.com\/avatar\/4a4b36c39f620d53768c855f7f46cc87beae9656f103071967649ec5c2d200b6?s=96&d=mm&r=g","contentUrl":"https:\/\/secure.gravatar.com\/avatar\/4a4b36c39f620d53768c855f7f46cc87beae9656f103071967649ec5c2d200b6?s=96&d=mm&r=g","caption":"IH_mod"},"url":"https:\/\/www.bzpg.pl\/index.php\/author\/ih_mod\/"}]}},"_links":{"self":[{"href":"https:\/\/www.bzpg.pl\/index.php\/wp-json\/wp\/v2\/posts\/2276","targetHints":{"allow":["GET"]}}],"collection":[{"href":"https:\/\/www.bzpg.pl\/index.php\/wp-json\/wp\/v2\/posts"}],"about":[{"href":"https:\/\/www.bzpg.pl\/index.php\/wp-json\/wp\/v2\/types\/post"}],"author":[{"embeddable":true,"href":"https:\/\/www.bzpg.pl\/index.php\/wp-json\/wp\/v2\/users\/6"}],"replies":[{"embeddable":true,"href":"https:\/\/www.bzpg.pl\/index.php\/wp-json\/wp\/v2\/comments?post=2276"}],"version-history":[{"count":13,"href":"https:\/\/www.bzpg.pl\/index.php\/wp-json\/wp\/v2\/posts\/2276\/revisions"}],"predecessor-version":[{"id":2297,"href":"https:\/\/www.bzpg.pl\/index.php\/wp-json\/wp\/v2\/posts\/2276\/revisions\/2297"}],"wp:featuredmedia":[{"embeddable":true,"href":"https:\/\/www.bzpg.pl\/index.php\/wp-json\/wp\/v2\/media\/2282"}],"wp:attachment":[{"href":"https:\/\/www.bzpg.pl\/index.php\/wp-json\/wp\/v2\/media?parent=2276"}],"wp:term":[{"taxonomy":"category","embeddable":true,"href":"https:\/\/www.bzpg.pl\/index.php\/wp-json\/wp\/v2\/categories?post=2276"},{"taxonomy":"post_tag","embeddable":true,"href":"https:\/\/www.bzpg.pl\/index.php\/wp-json\/wp\/v2\/tags?post=2276"}],"curies":[{"name":"wp","href":"https:\/\/api.w.org\/{rel}","templated":true}]}}