{"id":2437,"date":"2023-05-09T09:04:32","date_gmt":"2023-05-09T07:04:32","guid":{"rendered":"https:\/\/www.bzpg.pl\/?p=2437"},"modified":"2023-05-09T09:04:32","modified_gmt":"2023-05-09T07:04:32","slug":"testy-elektrycznego-autobusu-w-komunikacji-beskidzkiej","status":"publish","type":"post","link":"https:\/\/www.bzpg.pl\/index.php\/testy-elektrycznego-autobusu-w-komunikacji-beskidzkiej\/","title":{"rendered":"Testy elektrycznego autobusu w Komunikacji Beskidzkiej"},"content":{"rendered":"<p>Od 8 maja Komunikacja Beskidzka S.A. prowadzi testy nowego autobusu elektrycznego Solaris Urbino 15 LE. Testowany autobus ma 15 m d\u0142ugo\u015bci i wyposa\u017cony jest w 3 pary drzwi w uk\u0142adzie (2-2-1). Ponadto autobus wyposa\u017cony jest \u0142\u0105cznie w 81 miejsc, z czego 51 miejsc siedz\u0105cych ( w tym 12 miejsc dost\u0119pnych jest z poziomu niskiej pod\u0142ogi)<a href=\"https:\/\/www.bzpg.pl\/wp-content\/uploads\/2023\/05\/IMG_20230508_133404.jpg\"><img loading=\"lazy\" decoding=\"async\" class=\"wp-image-2435 aligncenter\" src=\"https:\/\/www.bzpg.pl\/wp-content\/uploads\/2023\/05\/IMG_20230508_133404-300x225.jpg\" alt=\"\" width=\"440\" height=\"330\" srcset=\"https:\/\/www.bzpg.pl\/wp-content\/uploads\/2023\/05\/IMG_20230508_133404-300x225.jpg 300w, https:\/\/www.bzpg.pl\/wp-content\/uploads\/2023\/05\/IMG_20230508_133404-1024x768.jpg 1024w, https:\/\/www.bzpg.pl\/wp-content\/uploads\/2023\/05\/IMG_20230508_133404-768x576.jpg 768w, https:\/\/www.bzpg.pl\/wp-content\/uploads\/2023\/05\/IMG_20230508_133404-1536x1152.jpg 1536w, https:\/\/www.bzpg.pl\/wp-content\/uploads\/2023\/05\/IMG_20230508_133404-1440x1080.jpg 1440w, https:\/\/www.bzpg.pl\/wp-content\/uploads\/2023\/05\/IMG_20230508_133404-27x20.jpg 27w, https:\/\/www.bzpg.pl\/wp-content\/uploads\/2023\/05\/IMG_20230508_133404-20x15.jpg 20w, https:\/\/www.bzpg.pl\/wp-content\/uploads\/2023\/05\/IMG_20230508_133404.jpg 1920w\" sizes=\"auto, (max-width: 440px) 100vw, 440px\" \/><\/a><\/p>\n<p><a href=\"https:\/\/www.bzpg.pl\/wp-content\/uploads\/2023\/05\/IMG_20230508_120510.jpg\"><img loading=\"lazy\" decoding=\"async\" class=\"wp-image-2434 aligncenter\" src=\"https:\/\/www.bzpg.pl\/wp-content\/uploads\/2023\/05\/IMG_20230508_120510-225x300.jpg\" alt=\"\" width=\"323\" height=\"431\" srcset=\"https:\/\/www.bzpg.pl\/wp-content\/uploads\/2023\/05\/IMG_20230508_120510-225x300.jpg 225w, https:\/\/www.bzpg.pl\/wp-content\/uploads\/2023\/05\/IMG_20230508_120510-768x1024.jpg 768w, https:\/\/www.bzpg.pl\/wp-content\/uploads\/2023\/05\/IMG_20230508_120510-1152x1536.jpg 1152w, https:\/\/www.bzpg.pl\/wp-content\/uploads\/2023\/05\/IMG_20230508_120510-1536x2048.jpg 1536w, https:\/\/www.bzpg.pl\/wp-content\/uploads\/2023\/05\/IMG_20230508_120510-1024x1365.jpg 1024w, https:\/\/www.bzpg.pl\/wp-content\/uploads\/2023\/05\/IMG_20230508_120510-810x1080.jpg 810w, https:\/\/www.bzpg.pl\/wp-content\/uploads\/2023\/05\/IMG_20230508_120510-15x20.jpg 15w, https:\/\/www.bzpg.pl\/wp-content\/uploads\/2023\/05\/IMG_20230508_120510.jpg 1920w\" sizes=\"auto, (max-width: 323px) 100vw, 323px\" \/><\/a><a href=\"https:\/\/www.bzpg.pl\/wp-content\/uploads\/2023\/05\/IMG_20230508_133049.jpg\"><img loading=\"lazy\" decoding=\"async\" class=\" wp-image-2433 aligncenter\" src=\"https:\/\/www.bzpg.pl\/wp-content\/uploads\/2023\/05\/IMG_20230508_133049-300x225.jpg\" alt=\"\" width=\"402\" height=\"301\" srcset=\"https:\/\/www.bzpg.pl\/wp-content\/uploads\/2023\/05\/IMG_20230508_133049-300x225.jpg 300w, https:\/\/www.bzpg.pl\/wp-content\/uploads\/2023\/05\/IMG_20230508_133049-1024x768.jpg 1024w, https:\/\/www.bzpg.pl\/wp-content\/uploads\/2023\/05\/IMG_20230508_133049-768x576.jpg 768w, https:\/\/www.bzpg.pl\/wp-content\/uploads\/2023\/05\/IMG_20230508_133049-1536x1152.jpg 1536w, https:\/\/www.bzpg.pl\/wp-content\/uploads\/2023\/05\/IMG_20230508_133049-1440x1080.jpg 1440w, https:\/\/www.bzpg.pl\/wp-content\/uploads\/2023\/05\/IMG_20230508_133049-27x20.jpg 27w, https:\/\/www.bzpg.pl\/wp-content\/uploads\/2023\/05\/IMG_20230508_133049-20x15.jpg 20w, https:\/\/www.bzpg.pl\/wp-content\/uploads\/2023\/05\/IMG_20230508_133049.jpg 1920w\" sizes=\"auto, (max-width: 402px) 100vw, 402px\" \/><\/a><\/p>\n","protected":false},"excerpt":{"rendered":"<p>Od 8 maja Komunikacja Beskidzka S.A. prowadzi testy nowego autobusu elektrycznego Solaris Urbino 15 LE. Testowany autobus ma 15 m d\u0142ugo\u015bci i wyposa\u017cony jest w 3 pary drzwi w uk\u0142adzie (2-2-1). Ponadto autobus wyposa\u017cony jest \u0142\u0105cznie w 81 miejsc, z czego 51 miejsc siedz\u0105cych ( w tym 12 miejsc dost\u0119pnych jest z poziomu niskiej pod\u0142ogi)<\/p>\n","protected":false},"author":6,"featured_media":2436,"comment_status":"closed","ping_status":"closed","sticky":false,"template":"","format":"standard","meta":{"footnotes":""},"categories":[1],"tags":[],"class_list":["post-2437","post","type-post","status-publish","format-standard","has-post-thumbnail","hentry","category-aktualnosci"],"yoast_head":"<!-- This site is optimized with the Yoast SEO plugin v28.1 - https:\/\/yoast.com\/product\/yoast-seo-wordpress\/ -->\n<title>Testy elektrycznego autobusu w Komunikacji Beskidzkiej - Beskidzki Zwi\u0105zek Powiatowo Gminny<\/title>\n<meta name=\"robots\" content=\"index, follow, max-snippet:-1, max-image-preview:large, max-video-preview:-1\" \/>\n<link rel=\"canonical\" href=\"https:\/\/www.bzpg.pl\/index.php\/testy-elektrycznego-autobusu-w-komunikacji-beskidzkiej\/\" \/>\n<meta property=\"og:locale\" content=\"pl_PL\" \/>\n<meta property=\"og:type\" content=\"article\" \/>\n<meta property=\"og:title\" content=\"Testy elektrycznego autobusu w Komunikacji Beskidzkiej - Beskidzki Zwi\u0105zek Powiatowo Gminny\" \/>\n<meta property=\"og:description\" content=\"Od 8 maja Komunikacja Beskidzka S.A. prowadzi testy nowego autobusu elektrycznego Solaris Urbino 15 LE. Testowany autobus ma 15 m d\u0142ugo\u015bci i wyposa\u017cony jest w 3 pary drzwi w uk\u0142adzie (2-2-1). Ponadto autobus wyposa\u017cony jest \u0142\u0105cznie w 81 miejsc, z czego 51 miejsc siedz\u0105cych ( w tym 12 miejsc dost\u0119pnych jest z poziomu niskiej pod\u0142ogi)\" \/>\n<meta property=\"og:url\" content=\"https:\/\/www.bzpg.pl\/index.php\/testy-elektrycznego-autobusu-w-komunikacji-beskidzkiej\/\" \/>\n<meta property=\"og:site_name\" content=\"Beskidzki Zwi\u0105zek Powiatowo Gminny\" \/>\n<meta property=\"article:published_time\" content=\"2023-05-09T07:04:32+00:00\" \/>\n<meta property=\"og:image\" content=\"https:\/\/www.bzpg.pl\/wp-content\/uploads\/2023\/05\/IMG_20230508_132933_edit_868945691099693.jpg\" \/>\n\t<meta property=\"og:image:width\" content=\"1920\" \/>\n\t<meta property=\"og:image:height\" content=\"1487\" \/>\n\t<meta property=\"og:image:type\" content=\"image\/jpeg\" \/>\n<meta name=\"author\" content=\"IH_mod\" \/>\n<meta name=\"twitter:card\" content=\"summary_large_image\" \/>\n<meta name=\"twitter:label1\" content=\"Napisane przez\" \/>\n\t<meta name=\"twitter:data1\" content=\"IH_mod\" \/>\n<script type=\"application\/ld+json\" class=\"yoast-schema-graph\">{\"@context\":\"https:\\\/\\\/schema.org\",\"@graph\":[{\"@type\":\"Article\",\"@id\":\"https:\\\/\\\/www.bzpg.pl\\\/index.php\\\/testy-elektrycznego-autobusu-w-komunikacji-beskidzkiej\\\/#article\",\"isPartOf\":{\"@id\":\"https:\\\/\\\/www.bzpg.pl\\\/index.php\\\/testy-elektrycznego-autobusu-w-komunikacji-beskidzkiej\\\/\"},\"author\":{\"name\":\"IH_mod\",\"@id\":\"https:\\\/\\\/www.bzpg.pl\\\/#\\\/schema\\\/person\\\/4d658aa8491d42f4b97f713053d4216a\"},\"headline\":\"Testy elektrycznego autobusu w Komunikacji Beskidzkiej\",\"datePublished\":\"2023-05-09T07:04:32+00:00\",\"mainEntityOfPage\":{\"@id\":\"https:\\\/\\\/www.bzpg.pl\\\/index.php\\\/testy-elektrycznego-autobusu-w-komunikacji-beskidzkiej\\\/\"},\"wordCount\":63,\"publisher\":{\"@id\":\"https:\\\/\\\/www.bzpg.pl\\\/#organization\"},\"image\":{\"@id\":\"https:\\\/\\\/www.bzpg.pl\\\/index.php\\\/testy-elektrycznego-autobusu-w-komunikacji-beskidzkiej\\\/#primaryimage\"},\"thumbnailUrl\":\"https:\\\/\\\/www.bzpg.pl\\\/wp-content\\\/uploads\\\/2023\\\/05\\\/IMG_20230508_132933_edit_868945691099693.jpg\",\"articleSection\":[\"Aktualno\u015bci\"],\"inLanguage\":\"pl-PL\"},{\"@type\":\"WebPage\",\"@id\":\"https:\\\/\\\/www.bzpg.pl\\\/index.php\\\/testy-elektrycznego-autobusu-w-komunikacji-beskidzkiej\\\/\",\"url\":\"https:\\\/\\\/www.bzpg.pl\\\/index.php\\\/testy-elektrycznego-autobusu-w-komunikacji-beskidzkiej\\\/\",\"name\":\"Testy elektrycznego autobusu w Komunikacji Beskidzkiej - Beskidzki Zwi\u0105zek Powiatowo Gminny\",\"isPartOf\":{\"@id\":\"https:\\\/\\\/www.bzpg.pl\\\/#website\"},\"primaryImageOfPage\":{\"@id\":\"https:\\\/\\\/www.bzpg.pl\\\/index.php\\\/testy-elektrycznego-autobusu-w-komunikacji-beskidzkiej\\\/#primaryimage\"},\"image\":{\"@id\":\"https:\\\/\\\/www.bzpg.pl\\\/index.php\\\/testy-elektrycznego-autobusu-w-komunikacji-beskidzkiej\\\/#primaryimage\"},\"thumbnailUrl\":\"https:\\\/\\\/www.bzpg.pl\\\/wp-content\\\/uploads\\\/2023\\\/05\\\/IMG_20230508_132933_edit_868945691099693.jpg\",\"datePublished\":\"2023-05-09T07:04:32+00:00\",\"breadcrumb\":{\"@id\":\"https:\\\/\\\/www.bzpg.pl\\\/index.php\\\/testy-elektrycznego-autobusu-w-komunikacji-beskidzkiej\\\/#breadcrumb\"},\"inLanguage\":\"pl-PL\",\"potentialAction\":[{\"@type\":\"ReadAction\",\"target\":[\"https:\\\/\\\/www.bzpg.pl\\\/index.php\\\/testy-elektrycznego-autobusu-w-komunikacji-beskidzkiej\\\/\"]}]},{\"@type\":\"ImageObject\",\"inLanguage\":\"pl-PL\",\"@id\":\"https:\\\/\\\/www.bzpg.pl\\\/index.php\\\/testy-elektrycznego-autobusu-w-komunikacji-beskidzkiej\\\/#primaryimage\",\"url\":\"https:\\\/\\\/www.bzpg.pl\\\/wp-content\\\/uploads\\\/2023\\\/05\\\/IMG_20230508_132933_edit_868945691099693.jpg\",\"contentUrl\":\"https:\\\/\\\/www.bzpg.pl\\\/wp-content\\\/uploads\\\/2023\\\/05\\\/IMG_20230508_132933_edit_868945691099693.jpg\",\"width\":1920,\"height\":1487},{\"@type\":\"BreadcrumbList\",\"@id\":\"https:\\\/\\\/www.bzpg.pl\\\/index.php\\\/testy-elektrycznego-autobusu-w-komunikacji-beskidzkiej\\\/#breadcrumb\",\"itemListElement\":[{\"@type\":\"ListItem\",\"position\":1,\"name\":\"Home\",\"item\":\"https:\\\/\\\/www.bzpg.pl\\\/\"},{\"@type\":\"ListItem\",\"position\":2,\"name\":\"Testy elektrycznego autobusu w Komunikacji Beskidzkiej\"}]},{\"@type\":\"WebSite\",\"@id\":\"https:\\\/\\\/www.bzpg.pl\\\/#website\",\"url\":\"https:\\\/\\\/www.bzpg.pl\\\/\",\"name\":\"Beskidzki Zwi\u0105zek Powiatowo Gminny\",\"description\":\"\",\"publisher\":{\"@id\":\"https:\\\/\\\/www.bzpg.pl\\\/#organization\"},\"potentialAction\":[{\"@type\":\"SearchAction\",\"target\":{\"@type\":\"EntryPoint\",\"urlTemplate\":\"https:\\\/\\\/www.bzpg.pl\\\/?s={search_term_string}\"},\"query-input\":{\"@type\":\"PropertyValueSpecification\",\"valueRequired\":true,\"valueName\":\"search_term_string\"}}],\"inLanguage\":\"pl-PL\"},{\"@type\":\"Organization\",\"@id\":\"https:\\\/\\\/www.bzpg.pl\\\/#organization\",\"name\":\"Beskidzki Zwi\u0105zek Powiatowo Gminny\",\"url\":\"https:\\\/\\\/www.bzpg.pl\\\/\",\"logo\":{\"@type\":\"ImageObject\",\"inLanguage\":\"pl-PL\",\"@id\":\"https:\\\/\\\/www.bzpg.pl\\\/#\\\/schema\\\/logo\\\/image\\\/\",\"url\":\"https:\\\/\\\/www.bzpg.pl\\\/wp-content\\\/uploads\\\/2021\\\/01\\\/cropped-bzpg_logo1.png\",\"contentUrl\":\"https:\\\/\\\/www.bzpg.pl\\\/wp-content\\\/uploads\\\/2021\\\/01\\\/cropped-bzpg_logo1.png\",\"width\":1733,\"height\":432,\"caption\":\"Beskidzki Zwi\u0105zek Powiatowo Gminny\"},\"image\":{\"@id\":\"https:\\\/\\\/www.bzpg.pl\\\/#\\\/schema\\\/logo\\\/image\\\/\"}},{\"@type\":\"Person\",\"@id\":\"https:\\\/\\\/www.bzpg.pl\\\/#\\\/schema\\\/person\\\/4d658aa8491d42f4b97f713053d4216a\",\"name\":\"IH_mod\",\"image\":{\"@type\":\"ImageObject\",\"inLanguage\":\"pl-PL\",\"@id\":\"https:\\\/\\\/secure.gravatar.com\\\/avatar\\\/4a4b36c39f620d53768c855f7f46cc87beae9656f103071967649ec5c2d200b6?s=96&d=mm&r=g\",\"url\":\"https:\\\/\\\/secure.gravatar.com\\\/avatar\\\/4a4b36c39f620d53768c855f7f46cc87beae9656f103071967649ec5c2d200b6?s=96&d=mm&r=g\",\"contentUrl\":\"https:\\\/\\\/secure.gravatar.com\\\/avatar\\\/4a4b36c39f620d53768c855f7f46cc87beae9656f103071967649ec5c2d200b6?s=96&d=mm&r=g\",\"caption\":\"IH_mod\"},\"url\":\"https:\\\/\\\/www.bzpg.pl\\\/index.php\\\/author\\\/ih_mod\\\/\"}]}<\/script>\n<!-- \/ Yoast SEO plugin. -->","yoast_head_json":{"title":"Testy elektrycznego autobusu w Komunikacji Beskidzkiej - Beskidzki Zwi\u0105zek Powiatowo Gminny","robots":{"index":"index","follow":"follow","max-snippet":"max-snippet:-1","max-image-preview":"max-image-preview:large","max-video-preview":"max-video-preview:-1"},"canonical":"https:\/\/www.bzpg.pl\/index.php\/testy-elektrycznego-autobusu-w-komunikacji-beskidzkiej\/","og_locale":"pl_PL","og_type":"article","og_title":"Testy elektrycznego autobusu w Komunikacji Beskidzkiej - Beskidzki Zwi\u0105zek Powiatowo Gminny","og_description":"Od 8 maja Komunikacja Beskidzka S.A. prowadzi testy nowego autobusu elektrycznego Solaris Urbino 15 LE. Testowany autobus ma 15 m d\u0142ugo\u015bci i wyposa\u017cony jest w 3 pary drzwi w uk\u0142adzie (2-2-1). Ponadto autobus wyposa\u017cony jest \u0142\u0105cznie w 81 miejsc, z czego 51 miejsc siedz\u0105cych ( w tym 12 miejsc dost\u0119pnych jest z poziomu niskiej pod\u0142ogi)","og_url":"https:\/\/www.bzpg.pl\/index.php\/testy-elektrycznego-autobusu-w-komunikacji-beskidzkiej\/","og_site_name":"Beskidzki Zwi\u0105zek Powiatowo Gminny","article_published_time":"2023-05-09T07:04:32+00:00","og_image":[{"width":1920,"height":1487,"url":"https:\/\/www.bzpg.pl\/wp-content\/uploads\/2023\/05\/IMG_20230508_132933_edit_868945691099693.jpg","type":"image\/jpeg"}],"author":"IH_mod","twitter_card":"summary_large_image","twitter_misc":{"Napisane przez":"IH_mod"},"schema":{"@context":"https:\/\/schema.org","@graph":[{"@type":"Article","@id":"https:\/\/www.bzpg.pl\/index.php\/testy-elektrycznego-autobusu-w-komunikacji-beskidzkiej\/#article","isPartOf":{"@id":"https:\/\/www.bzpg.pl\/index.php\/testy-elektrycznego-autobusu-w-komunikacji-beskidzkiej\/"},"author":{"name":"IH_mod","@id":"https:\/\/www.bzpg.pl\/#\/schema\/person\/4d658aa8491d42f4b97f713053d4216a"},"headline":"Testy elektrycznego autobusu w Komunikacji Beskidzkiej","datePublished":"2023-05-09T07:04:32+00:00","mainEntityOfPage":{"@id":"https:\/\/www.bzpg.pl\/index.php\/testy-elektrycznego-autobusu-w-komunikacji-beskidzkiej\/"},"wordCount":63,"publisher":{"@id":"https:\/\/www.bzpg.pl\/#organization"},"image":{"@id":"https:\/\/www.bzpg.pl\/index.php\/testy-elektrycznego-autobusu-w-komunikacji-beskidzkiej\/#primaryimage"},"thumbnailUrl":"https:\/\/www.bzpg.pl\/wp-content\/uploads\/2023\/05\/IMG_20230508_132933_edit_868945691099693.jpg","articleSection":["Aktualno\u015bci"],"inLanguage":"pl-PL"},{"@type":"WebPage","@id":"https:\/\/www.bzpg.pl\/index.php\/testy-elektrycznego-autobusu-w-komunikacji-beskidzkiej\/","url":"https:\/\/www.bzpg.pl\/index.php\/testy-elektrycznego-autobusu-w-komunikacji-beskidzkiej\/","name":"Testy elektrycznego autobusu w Komunikacji Beskidzkiej - Beskidzki Zwi\u0105zek Powiatowo Gminny","isPartOf":{"@id":"https:\/\/www.bzpg.pl\/#website"},"primaryImageOfPage":{"@id":"https:\/\/www.bzpg.pl\/index.php\/testy-elektrycznego-autobusu-w-komunikacji-beskidzkiej\/#primaryimage"},"image":{"@id":"https:\/\/www.bzpg.pl\/index.php\/testy-elektrycznego-autobusu-w-komunikacji-beskidzkiej\/#primaryimage"},"thumbnailUrl":"https:\/\/www.bzpg.pl\/wp-content\/uploads\/2023\/05\/IMG_20230508_132933_edit_868945691099693.jpg","datePublished":"2023-05-09T07:04:32+00:00","breadcrumb":{"@id":"https:\/\/www.bzpg.pl\/index.php\/testy-elektrycznego-autobusu-w-komunikacji-beskidzkiej\/#breadcrumb"},"inLanguage":"pl-PL","potentialAction":[{"@type":"ReadAction","target":["https:\/\/www.bzpg.pl\/index.php\/testy-elektrycznego-autobusu-w-komunikacji-beskidzkiej\/"]}]},{"@type":"ImageObject","inLanguage":"pl-PL","@id":"https:\/\/www.bzpg.pl\/index.php\/testy-elektrycznego-autobusu-w-komunikacji-beskidzkiej\/#primaryimage","url":"https:\/\/www.bzpg.pl\/wp-content\/uploads\/2023\/05\/IMG_20230508_132933_edit_868945691099693.jpg","contentUrl":"https:\/\/www.bzpg.pl\/wp-content\/uploads\/2023\/05\/IMG_20230508_132933_edit_868945691099693.jpg","width":1920,"height":1487},{"@type":"BreadcrumbList","@id":"https:\/\/www.bzpg.pl\/index.php\/testy-elektrycznego-autobusu-w-komunikacji-beskidzkiej\/#breadcrumb","itemListElement":[{"@type":"ListItem","position":1,"name":"Home","item":"https:\/\/www.bzpg.pl\/"},{"@type":"ListItem","position":2,"name":"Testy elektrycznego autobusu w Komunikacji Beskidzkiej"}]},{"@type":"WebSite","@id":"https:\/\/www.bzpg.pl\/#website","url":"https:\/\/www.bzpg.pl\/","name":"Beskidzki Zwi\u0105zek Powiatowo Gminny","description":"","publisher":{"@id":"https:\/\/www.bzpg.pl\/#organization"},"potentialAction":[{"@type":"SearchAction","target":{"@type":"EntryPoint","urlTemplate":"https:\/\/www.bzpg.pl\/?s={search_term_string}"},"query-input":{"@type":"PropertyValueSpecification","valueRequired":true,"valueName":"search_term_string"}}],"inLanguage":"pl-PL"},{"@type":"Organization","@id":"https:\/\/www.bzpg.pl\/#organization","name":"Beskidzki Zwi\u0105zek Powiatowo Gminny","url":"https:\/\/www.bzpg.pl\/","logo":{"@type":"ImageObject","inLanguage":"pl-PL","@id":"https:\/\/www.bzpg.pl\/#\/schema\/logo\/image\/","url":"https:\/\/www.bzpg.pl\/wp-content\/uploads\/2021\/01\/cropped-bzpg_logo1.png","contentUrl":"https:\/\/www.bzpg.pl\/wp-content\/uploads\/2021\/01\/cropped-bzpg_logo1.png","width":1733,"height":432,"caption":"Beskidzki Zwi\u0105zek Powiatowo Gminny"},"image":{"@id":"https:\/\/www.bzpg.pl\/#\/schema\/logo\/image\/"}},{"@type":"Person","@id":"https:\/\/www.bzpg.pl\/#\/schema\/person\/4d658aa8491d42f4b97f713053d4216a","name":"IH_mod","image":{"@type":"ImageObject","inLanguage":"pl-PL","@id":"https:\/\/secure.gravatar.com\/avatar\/4a4b36c39f620d53768c855f7f46cc87beae9656f103071967649ec5c2d200b6?s=96&d=mm&r=g","url":"https:\/\/secure.gravatar.com\/avatar\/4a4b36c39f620d53768c855f7f46cc87beae9656f103071967649ec5c2d200b6?s=96&d=mm&r=g","contentUrl":"https:\/\/secure.gravatar.com\/avatar\/4a4b36c39f620d53768c855f7f46cc87beae9656f103071967649ec5c2d200b6?s=96&d=mm&r=g","caption":"IH_mod"},"url":"https:\/\/www.bzpg.pl\/index.php\/author\/ih_mod\/"}]}},"_links":{"self":[{"href":"https:\/\/www.bzpg.pl\/index.php\/wp-json\/wp\/v2\/posts\/2437","targetHints":{"allow":["GET"]}}],"collection":[{"href":"https:\/\/www.bzpg.pl\/index.php\/wp-json\/wp\/v2\/posts"}],"about":[{"href":"https:\/\/www.bzpg.pl\/index.php\/wp-json\/wp\/v2\/types\/post"}],"author":[{"embeddable":true,"href":"https:\/\/www.bzpg.pl\/index.php\/wp-json\/wp\/v2\/users\/6"}],"replies":[{"embeddable":true,"href":"https:\/\/www.bzpg.pl\/index.php\/wp-json\/wp\/v2\/comments?post=2437"}],"version-history":[{"count":1,"href":"https:\/\/www.bzpg.pl\/index.php\/wp-json\/wp\/v2\/posts\/2437\/revisions"}],"predecessor-version":[{"id":2438,"href":"https:\/\/www.bzpg.pl\/index.php\/wp-json\/wp\/v2\/posts\/2437\/revisions\/2438"}],"wp:featuredmedia":[{"embeddable":true,"href":"https:\/\/www.bzpg.pl\/index.php\/wp-json\/wp\/v2\/media\/2436"}],"wp:attachment":[{"href":"https:\/\/www.bzpg.pl\/index.php\/wp-json\/wp\/v2\/media?parent=2437"}],"wp:term":[{"taxonomy":"category","embeddable":true,"href":"https:\/\/www.bzpg.pl\/index.php\/wp-json\/wp\/v2\/categories?post=2437"},{"taxonomy":"post_tag","embeddable":true,"href":"https:\/\/www.bzpg.pl\/index.php\/wp-json\/wp\/v2\/tags?post=2437"}],"curies":[{"name":"wp","href":"https:\/\/api.w.org\/{rel}","templated":true}]}}