{"id":2814,"date":"2025-01-02T09:51:39","date_gmt":"2025-01-02T08:51:39","guid":{"rendered":"https:\/\/www.bzpg.pl\/?p=2814"},"modified":"2025-01-02T09:51:39","modified_gmt":"2025-01-02T08:51:39","slug":"dwa-nowe-autobusy-juz-w-siedzibie-beskidzkiego-zwiazku-powiatowo-gminnego","status":"publish","type":"post","link":"https:\/\/www.bzpg.pl\/index.php\/dwa-nowe-autobusy-juz-w-siedzibie-beskidzkiego-zwiazku-powiatowo-gminnego\/","title":{"rendered":"Dwa nowe autobusy ju\u017c w siedzibie Beskidzkiego Zwi\u0105zku Powiatowo-Gminnego"},"content":{"rendered":"<p><strong>Beskidzki Zwi\u0105zek Powiatowo-Gminny wzbogaci\u0142 si\u0119 o dwa fabrycznie nowe autobusy. Pieni\u0105dze na ich zakup pochodzi\u0142y z Rz\u0105dowego Funduszu Polski \u0141ad Program Inwestycji Strategicznych.<\/strong><\/p>\n<p>10 grudnia 2024 r. odby\u0142 si\u0119 oficjalny odbi\u00f3r nowych autobus\u00f3w dla Beskidzkiego Zwi\u0105zku Powiatowo-Gminnego, kt\u00f3ry tworzy Powiat Bielski oraz Gminy; Bestwina, Buczkowice, Jasienica, Jaworze, K\u0119ty, Kozy, Por\u0105bka, Szczyrk, Wilamowice, Wilkowice.<br \/>\nCa\u0142kowita warto\u015b\u0107 inwestycji wynios\u0142a ponad 2,1 mln z\u0142, z czego dofinansowanie z Rz\u0105dowego Funduszu Inwestycji Strategicznych Polski \u0141ad to 1,6 mln z\u0142. Reszt\u0119 do\u0142o\u017cy\u0142y samorz\u0105dy, kt\u00f3re tworz\u0105 zwi\u0105zek.<\/p>\n<p>Autobusy marki Isuzu NovoCiti Life, wyposa\u017cone s\u0105 w silnik spalinowy spe\u0142niaj\u0105cy normy emisji spalin na poziomie EURO6. Autobusy s\u0105 niskowej\u015bciowe, na pok\u0142ad mog\u0105 zabra\u0107 maksymalnie 60 pasa\u017cer\u00f3w, z czego 21 na miejscach siedz\u0105cych. Ponadto autobusy posiadaj\u0105 klimatyzacj\u0119 i system informacji pasa\u017cerskiej g\u0142osowej i wizualnej.<\/p>\n<p><a href=\"https:\/\/www.bzpg.pl\/index.php\/dwa-nowe-autobusy-juz-w-siedzibie-beskidzkiego-zwiazku-powiatowo-gminnego\/fb_img_1735806129715\/\" rel=\"attachment wp-att-2816\"><img loading=\"lazy\" decoding=\"async\" class=\" wp-image-2816 aligncenter\" src=\"https:\/\/www.bzpg.pl\/wp-content\/uploads\/2025\/01\/FB_IMG_1735806129715-300x157.jpg\" alt=\"\" width=\"489\" height=\"256\" srcset=\"https:\/\/www.bzpg.pl\/wp-content\/uploads\/2025\/01\/FB_IMG_1735806129715-300x157.jpg 300w, https:\/\/www.bzpg.pl\/wp-content\/uploads\/2025\/01\/FB_IMG_1735806129715-1024x536.jpg 1024w, https:\/\/www.bzpg.pl\/wp-content\/uploads\/2025\/01\/FB_IMG_1735806129715-768x402.jpg 768w, https:\/\/www.bzpg.pl\/wp-content\/uploads\/2025\/01\/FB_IMG_1735806129715-38x20.jpg 38w, https:\/\/www.bzpg.pl\/wp-content\/uploads\/2025\/01\/FB_IMG_1735806129715-20x10.jpg 20w, https:\/\/www.bzpg.pl\/wp-content\/uploads\/2025\/01\/FB_IMG_1735806129715.jpg 1080w\" sizes=\"auto, (max-width: 489px) 100vw, 489px\" \/><\/a><\/p>\n<p>&nbsp;<\/p>\n","protected":false},"excerpt":{"rendered":"<p>Beskidzki Zwi\u0105zek Powiatowo-Gminny wzbogaci\u0142 si\u0119 o dwa fabrycznie nowe autobusy. Pieni\u0105dze na ich zakup pochodzi\u0142y z Rz\u0105dowego Funduszu Polski \u0141ad Program Inwestycji Strategicznych. 10 grudnia 2024 r. odby\u0142 si\u0119 oficjalny odbi\u00f3r nowych autobus\u00f3w dla Beskidzkiego Zwi\u0105zku Powiatowo-Gminnego, kt\u00f3ry tworzy Powiat Bielski oraz Gminy; Bestwina, Buczkowice, Jasienica, Jaworze, K\u0119ty, Kozy, Por\u0105bka, Szczyrk, Wilamowice, Wilkowice. Ca\u0142kowita warto\u015b\u0107&hellip; <br \/> <a class=\"read-more\" href=\"https:\/\/www.bzpg.pl\/index.php\/dwa-nowe-autobusy-juz-w-siedzibie-beskidzkiego-zwiazku-powiatowo-gminnego\/\">Read more<\/a><\/p>\n","protected":false},"author":6,"featured_media":2815,"comment_status":"closed","ping_status":"closed","sticky":false,"template":"","format":"standard","meta":{"footnotes":""},"categories":[1],"tags":[],"class_list":["post-2814","post","type-post","status-publish","format-standard","has-post-thumbnail","hentry","category-aktualnosci"],"_links":{"self":[{"href":"https:\/\/www.bzpg.pl\/index.php\/wp-json\/wp\/v2\/posts\/2814","targetHints":{"allow":["GET"]}}],"collection":[{"href":"https:\/\/www.bzpg.pl\/index.php\/wp-json\/wp\/v2\/posts"}],"about":[{"href":"https:\/\/www.bzpg.pl\/index.php\/wp-json\/wp\/v2\/types\/post"}],"author":[{"embeddable":true,"href":"https:\/\/www.bzpg.pl\/index.php\/wp-json\/wp\/v2\/users\/6"}],"replies":[{"embeddable":true,"href":"https:\/\/www.bzpg.pl\/index.php\/wp-json\/wp\/v2\/comments?post=2814"}],"version-history":[{"count":4,"href":"https:\/\/www.bzpg.pl\/index.php\/wp-json\/wp\/v2\/posts\/2814\/revisions"}],"predecessor-version":[{"id":2821,"href":"https:\/\/www.bzpg.pl\/index.php\/wp-json\/wp\/v2\/posts\/2814\/revisions\/2821"}],"wp:featuredmedia":[{"embeddable":true,"href":"https:\/\/www.bzpg.pl\/index.php\/wp-json\/wp\/v2\/media\/2815"}],"wp:attachment":[{"href":"https:\/\/www.bzpg.pl\/index.php\/wp-json\/wp\/v2\/media?parent=2814"}],"wp:term":[{"taxonomy":"category","embeddable":true,"href":"https:\/\/www.bzpg.pl\/index.php\/wp-json\/wp\/v2\/categories?post=2814"},{"taxonomy":"post_tag","embeddable":true,"href":"https:\/\/www.bzpg.pl\/index.php\/wp-json\/wp\/v2\/tags?post=2814"}],"curies":[{"name":"wp","href":"https:\/\/api.w.org\/{rel}","templated":true}]}}